{"id":3863,"date":"2024-03-10T15:00:29","date_gmt":"2024-03-10T14:00:29","guid":{"rendered":"https:\/\/ecoticias.com\/hoyeco\/?p=3863"},"modified":"2024-03-10T15:00:29","modified_gmt":"2024-03-10T14:00:29","slug":"energias-renovables-pais-vasco","status":"publish","type":"post","link":"https:\/\/www.ecoticias.com\/hoyeco\/energias-renovables-pais-vasco\/3863\/","title":{"rendered":"Esta regi\u00f3n espa\u00f1ola, en alerta por las energ\u00edas renovables: tienen trampa y \u00abpodr\u00edan ser la miseria de ma\u00f1ana\u00bb"},"content":{"rendered":"<p>El rechazo de un destacado movimiento ecologista hacia las propuestas pol\u00edticas dise\u00f1adas para <a href=\"https:\/\/ecoticias.com\/hoyeco\/gasolina-combustible-bajo-carbono\/3755\/\" target=\"_blank\" rel=\"noopener\">concientizar sobre la crisis medioambiental<\/a> resalta una creciente desconfianza en la autenticidad de estas iniciativas relacionadas con<strong> energ\u00edas renovables<\/strong>. Las masas argumentan que estos proyectos podr\u00edan estar disfrazados, alimentando la percepci\u00f3n de que algunos pol\u00edticos podr\u00edan estar utilizando la problematica ambiental como una herramienta de relaciones p\u00fablicas.<\/p>\n<h2>Una fuerte protesta encendi\u00f3 alarmas en la pol\u00edtica espa\u00f1ola<\/h2>\n<p>La percepci\u00f3n de que estas propuestas podr\u00edan carecer de un compromiso real con la sostenibilidad ha generado un escepticismo generalizado. Este movimiento ecologista destaca <strong>la necesidad de acciones concretas y transparentes<\/strong>, en lugar de simples declaraciones pol\u00edticas. Para lograr un cambio significativo, se demanda una mayor transparencia en las pol\u00edticas medioambientales.<\/p>\n<p>La creaci\u00f3n de la red Euskal Herria Bizirik el 18 de enero marca un hito significativo en la resistencia del Pa\u00eds Vasco contra la avalancha de megaproyectos de energ\u00edas renovables que amenazan el territorio. Este movimiento, centrado en la defensa del entorno, surge como respuesta a la preocupante realizaci\u00f3n de proyectos de gran envergadura que <strong>podr\u00edan tener un impacto negativo tanto en el medioambiente como en las comunidades locales<\/strong>.<\/p>\n<p>Las protestas de los ecologistas del Pa\u00eds Vasco destacan la cr\u00edtica hacia un modelo econ\u00f3mico cuyo objetivo principal es la obtenci\u00f3n del m\u00e1ximo beneficio privado, sin considerar par\u00e1metros medioambientales o sociales. Se se\u00f1ala la \u00abfarsa\u00bb de la llamada \u00abtransici\u00f3n verde\u00bb, evidenciando que el t\u00e9rmino \u00abverde\u00bb <strong>solo refleja el color del dinero que ciertos actores buscan acumular<\/strong> mediante estrategias especulativas.<\/p>\n<h2>\u00bfEnerg\u00edas renovables politizadas?: Esto es lo que manifiestan los ecologistas<\/h2>\n<p>La proximidad de las elecciones en la Comunidad Aut\u00f3noma Vasca (CAV) ha desencadenado un ambiente pol\u00edtico marcado por influencias y acciones oportunas. La transici\u00f3n energ\u00e9tica y la emergencia clim\u00e1tica se posicionan como puntos cruciales en los discursos partidarios, generando un impacto significativo en el respaldo social a las decisiones pol\u00edticas.<\/p>\n<p>Con m\u00e1s protestas surgiendo en el \u00e1rea mencionada, tambi\u00e9n se <strong>puede detonar la evidente inquietud de los partidos pol\u00edticos<\/strong>\u00a0frente a las acusaciones de una red que apunta directamente a los gobiernos en funciones, sus v\u00ednculos empresariales y la presunta crisis ecosocial que han contribuido a generar.<\/p>\n<p>La cr\u00edtica y las acusaciones relacionadas con la respuesta gubernamental ante la emergencia clim\u00e1tica pueden afectar la confianza p\u00fablica en la capacidad de los l\u00edderes para tomar medidas significativas y urgentes. La presi\u00f3n aumenta para que los gobiernos demuestren un compromiso real y acciones concretas hacia la sostenibilidad ambiental, considerando las consecuencias a largo plazo de no abordar adecuadamente este desaf\u00edo.<\/p>\n<h2>Inesperadas declaraciones pol\u00edticas aclaran el panorama<\/h2>\n<p>Seg\u00fan un art\u00edculo publicado en Berria en d\u00f3nde se entrevista al hermano del candidato lehendakari por EH Bildu, Pello Otxandiano se\u00f1ala: \u00abPor un lado, vivimos una crisis ecosocial que las mismas \u00e9lites pol\u00edticas y econ\u00f3micas han provocado. Es decir, se est\u00e1n empezando a ver las consecuencias del modelo econ\u00f3mico, se ve que no es sostenible y la gente ha empezado a espabilar. Por otro lado, tenemos que observar el contexto de Europa\u00bb.<\/p>\n<p>En ese mismo sentido, Aritz Otxandiano Kanpo agreg\u00f3: \u00abTodos estos proyectos, intentos e imposiciones, se est\u00e1n orquestando desde all\u00ed. Ahora mismo, la Uni\u00f3n Europea <strong>est\u00e1 teniendo serias dificultades para hacer crecer su PIB comparado con otras potencias<\/strong> y todo lo que necesita lo tiene que importar, tiene muy poca capacidad de producir en su territorio comparado con su producci\u00f3n industria\u00bb.<\/p>\n<p>Una de las declaraciones pol\u00edticas que cre\u00f3 m\u00e1s repercusi\u00f3n en el Pa\u00eds Vasco fue: \u00abEst\u00e1n utilizando el miedo y el discurso de gravedad del cambio clim\u00e1tico para dar un giro en el modelo, profundizando en sus intenciones de crecimiento permanente\u00bb, dejando en claro sus <a href=\"https:\/\/ecoticias.com\/hoyeco\/electricidad-fusionan-materiales\/3754\/\" target=\"_blank\" rel=\"noopener\">exhaustivos proyectos por mejorar las repercusiones de la crisis clim\u00e1tica<\/a>.<\/p>\n","protected":false},"excerpt":{"rendered":"<p>El rechazo de un destacado movimiento ecologista hacia las propuestas pol\u00edticas dise\u00f1adas para concientizar sobre la crisis medioambiental resalta una &#8230; <\/p>\n<p class=\"read-more-container\"><a title=\"Esta regi\u00f3n espa\u00f1ola, en alerta por las energ\u00edas renovables: tienen trampa y \u00abpodr\u00edan ser la miseria de ma\u00f1ana\u00bb\" class=\"read-more button\" href=\"https:\/\/www.ecoticias.com\/hoyeco\/energias-renovables-pais-vasco\/3863\/#more-3863\" aria-label=\"Leer m\u00e1s sobre Esta regi\u00f3n espa\u00f1ola, en alerta por las energ\u00edas renovables: tienen trampa y \u00abpodr\u00edan ser la miseria de ma\u00f1ana\u00bb\">Read more<\/a><\/p>\n","protected":false},"author":4,"featured_media":3910,"comment_status":"closed","ping_status":"closed","sticky":false,"template":"","format":"standard","meta":{"footnotes":""},"categories":[5],"tags":[],"class_list":["post-3863","post","type-post","status-publish","format-standard","has-post-thumbnail","hentry","category-energia","resize-featured-image"],"_links":{"self":[{"href":"https:\/\/www.ecoticias.com\/hoyeco\/wp-json\/wp\/v2\/posts\/3863","targetHints":{"allow":["GET"]}}],"collection":[{"href":"https:\/\/www.ecoticias.com\/hoyeco\/wp-json\/wp\/v2\/posts"}],"about":[{"href":"https:\/\/www.ecoticias.com\/hoyeco\/wp-json\/wp\/v2\/types\/post"}],"author":[{"embeddable":true,"href":"https:\/\/www.ecoticias.com\/hoyeco\/wp-json\/wp\/v2\/users\/4"}],"replies":[{"embeddable":true,"href":"https:\/\/www.ecoticias.com\/hoyeco\/wp-json\/wp\/v2\/comments?post=3863"}],"version-history":[{"count":0,"href":"https:\/\/www.ecoticias.com\/hoyeco\/wp-json\/wp\/v2\/posts\/3863\/revisions"}],"wp:featuredmedia":[{"embeddable":true,"href":"https:\/\/www.ecoticias.com\/hoyeco\/wp-json\/wp\/v2\/media\/3910"}],"wp:attachment":[{"href":"https:\/\/www.ecoticias.com\/hoyeco\/wp-json\/wp\/v2\/media?parent=3863"}],"wp:term":[{"taxonomy":"category","embeddable":true,"href":"https:\/\/www.ecoticias.com\/hoyeco\/wp-json\/wp\/v2\/categories?post=3863"},{"taxonomy":"post_tag","embeddable":true,"href":"https:\/\/www.ecoticias.com\/hoyeco\/wp-json\/wp\/v2\/tags?post=3863"}],"curies":[{"name":"wp","href":"https:\/\/api.w.org\/{rel}","templated":true}]}}