{"id":4044,"date":"2024-03-14T17:00:31","date_gmt":"2024-03-14T16:00:31","guid":{"rendered":"https:\/\/www.ecoticias.com\/hoyeco\/?p=4044"},"modified":"2024-03-14T17:00:31","modified_gmt":"2024-03-14T16:00:31","slug":"renovables-macroplanta-solar","status":"publish","type":"post","link":"https:\/\/www.ecoticias.com\/hoyeco\/renovables-macroplanta-solar\/4044\/","title":{"rendered":"Las macroplantas de renovables que van a cubrir 3 provincias: 100 millones y 100 MW de potencia con esta fuente"},"content":{"rendered":"<p>Cuando hablamos de las\u00a0<strong>renovables<\/strong> \u2014y sabes que nos gusta hacerlo bastante\u2014, importa tanto la calidad como la cantidad. \u00bfQuieres una prueba? La vimos con <a href=\"https:\/\/www.ecoticias.com\/hoyeco\/estados-unidos-energia-desierto\/3845\/\">el proyecto de Estados Unidos para tapar un desierto entero<\/a>, pero ahora tenemos que fijarnos en nuestro pa\u00eds. Una empresa quiere \u00abcubrir\u00bb 3 provincias e invertir 100 millones de euros. \u00bfEl objetivo? 100 Mw de potencia con tres proyectos diferentes.<\/p>\n<h2>Tres plantas fotovoltaicas para cubrir tres provincias: los proyectos de X-Elio, al detalle<\/h2>\n<p class=\"mb-3\">La compa\u00f1\u00eda l\u00edder en energ\u00edas renovables X-Elio ha presentados tres proyectos para Almer\u00eda, Murcia y Granada, que <strong>tendr\u00e1n una potencia de 123 MW<\/strong>. Se trata de una propuesta prometedora que permitir\u00e1 generar una cantidad significativa de energ\u00eda renovable para abastecer a miles de hogares en la regi\u00f3n.<\/p>\n<p class=\"mb-3\">Con una financiaci\u00f3n de casi 100 millones de euros, se estima que las tres plantas podr\u00edan producir alrededor de 150 GWh al a\u00f1o, suficiente para abastecer el consumo de aproximadamente 30 000 hogares espa\u00f1oles. Esto dar\u00eda un impulso importante a la transici\u00f3n hacia las renovables en el sur de Espa\u00f1a.<\/p>\n<p class=\"mb-3\">Lo que se busca con este proyecto, por otro lado, es descentralizar la producci\u00f3n y reducir la dependencia de los combustibles f\u00f3siles. Dicho de otro modo, utilizar los vastos terrenos que hay en el sur de Espa\u00f1a para generar energ\u00eda limpia y <strong>no centrarse exclusivamente en grandes ciudades<\/strong>, como Madrid o Barcelona.<\/p>\n<p class=\"mb-3\">La magnitud del proyecto requerir\u00e1 una extensa \u00e1rea de terreno para la instalaci\u00f3n de los paneles solares, as\u00ed como una red de transporte y distribuci\u00f3n para integrar la electricidad generada a la red el\u00e9ctrica. Se espera que la construcci\u00f3n genere cientos de empleos temporales en la regi\u00f3n gracias a las renovables.<\/p>\n<h2>Las tres provincias que van a dar un salto de gigante con las renovables<\/h2>\n<p class=\"mb-3\">Los tres proyectos se desarrollar\u00e1n en las provincias de Almer\u00eda, Murcia y Granada, aunque no de modo continuo, sino que cada una contar\u00e1 con una secci\u00f3n independiente. Las plantas fotovoltaicas tendr\u00e1n una potencia total de 123 MW, distribuidos en varias ubicaciones entre estas tres provincias del sureste espa\u00f1ol.<\/p>\n<p class=\"mb-3\">La elecci\u00f3n de estas zonas no es casual, ya que presentan <strong>unas condiciones \u00f3ptimas para la generaci\u00f3n<\/strong> de energ\u00eda solar. Tienen un elevado n\u00famero de horas de sol al a\u00f1o, con irradiaci\u00f3n solar muy favorable. Adem\u00e1s, son areas con amplia disponibilidad de terreno.<\/p>\n<p class=\"mb-3\">La compa\u00f1\u00eda cuenta con un prestigioso historial en la instalaci\u00f3n de energ\u00eda renovable, con 2,8 GW construidos, seg\u00fan indican desde su p\u00e1gina web. Igualmente, est\u00e1n presentes en pa\u00edses como Estados Unidos, Italia, Jap\u00f3n o Australia, adem\u00e1s de en otros situados en Oriente Medio y Latinoam\u00e9rica.<\/p>\n<h2>Un paso m\u00e1s para lograr los objetivos de Espa\u00f1a con las energ\u00edas renovables<\/h2>\n<p class=\"mb-3\">Uno de los principales objetivos de este proyecto es <strong>aumentar la producci\u00f3n de energ\u00eda renovable en Espa\u00f1a<\/strong>. Con una potencia instalada de 123 MW, las plantas fotovoltaicas de X-Elio contribuir\u00e1n de manera significativa a la transici\u00f3n hacia las renovables del pa\u00eds, reduciendo la dependencia de los combustibles f\u00f3siles.<\/p>\n<p class=\"mb-3\">El desarrollo de instalaciones fotovoltaicas de gran escala como esta es clave para cumplir con los objetivos del <strong>Plan Nacional Integrado de Energ\u00eda y Clima 2021-2030<\/strong>. Seg\u00fan este plan, Espa\u00f1a debe alcanzar una potencia instalada de solar fotovoltaica de 39 GW en 2030.<\/p>\n<p>Lo recordar\u00e1s porque recientemente desvelamos que nuestro pa\u00eds necesita un impulso para cumplir con sus compromisos ante la Uni\u00f3n Europea. Esta es la raz\u00f3n por la que te hemos desvelado este proyecto: es uno de los m\u00e1s prometedores del continente en t\u00e9rminos de energ\u00eda solar.<\/p>\n<p>Como has podido comprobar, las\u00a0<strong>renovables<\/strong> contin\u00faan haci\u00e9ndose hueco en Espa\u00f1a, con proyectos como estos que quiere cubrir 3 provincias. Durante los pr\u00f3ximos a\u00f1os, veremos c\u00f3mo se va materializando y hasta qu\u00e9 punto reduce nuestras emisiones contaminantes. Todo sea por olvidar <a href=\"https:\/\/www.ecoticias.com\/hoyeco\/energia-europa-espana-decepcion\/3779\/\">la mayor decepci\u00f3n de nuestra historia<\/a>, con 300 GW de energ\u00eda que la Uni\u00f3n Europea nos acaba de rechazar.<\/p>\n<p><em>Aclaraci\u00f3n: no se trata de un solo proyecto para las tres provincias, sino de tres independientes que estar\u00e1n situados en Almer\u00eda, Murcia y Granada.\u00a0<\/em><\/p>\n<p><em>Agradecimientos a la empresa X-Elio por habernos transmitido la informaci\u00f3n, lo que nos ha permitido poner en valor su proyecto con informaci\u00f3n veraz y de calidad.\u00a0<\/em><\/p>\n","protected":false},"excerpt":{"rendered":"<p>Cuando hablamos de las\u00a0renovables \u2014y sabes que nos gusta hacerlo bastante\u2014, importa tanto la calidad como la cantidad. \u00bfQuieres una &#8230; <\/p>\n<p class=\"read-more-container\"><a title=\"Las macroplantas de renovables que van a cubrir 3 provincias: 100 millones y 100 MW de potencia con esta fuente\" class=\"read-more button\" href=\"https:\/\/www.ecoticias.com\/hoyeco\/renovables-macroplanta-solar\/4044\/#more-4044\" aria-label=\"Leer m\u00e1s sobre Las macroplantas de renovables que van a cubrir 3 provincias: 100 millones y 100 MW de potencia con esta fuente\">Read more<\/a><\/p>\n","protected":false},"author":2,"featured_media":4047,"comment_status":"closed","ping_status":"closed","sticky":false,"template":"","format":"standard","meta":{"footnotes":""},"categories":[5],"tags":[],"class_list":["post-4044","post","type-post","status-publish","format-standard","has-post-thumbnail","hentry","category-energia","resize-featured-image"],"_links":{"self":[{"href":"https:\/\/www.ecoticias.com\/hoyeco\/wp-json\/wp\/v2\/posts\/4044","targetHints":{"allow":["GET"]}}],"collection":[{"href":"https:\/\/www.ecoticias.com\/hoyeco\/wp-json\/wp\/v2\/posts"}],"about":[{"href":"https:\/\/www.ecoticias.com\/hoyeco\/wp-json\/wp\/v2\/types\/post"}],"author":[{"embeddable":true,"href":"https:\/\/www.ecoticias.com\/hoyeco\/wp-json\/wp\/v2\/users\/2"}],"replies":[{"embeddable":true,"href":"https:\/\/www.ecoticias.com\/hoyeco\/wp-json\/wp\/v2\/comments?post=4044"}],"version-history":[{"count":0,"href":"https:\/\/www.ecoticias.com\/hoyeco\/wp-json\/wp\/v2\/posts\/4044\/revisions"}],"wp:featuredmedia":[{"embeddable":true,"href":"https:\/\/www.ecoticias.com\/hoyeco\/wp-json\/wp\/v2\/media\/4047"}],"wp:attachment":[{"href":"https:\/\/www.ecoticias.com\/hoyeco\/wp-json\/wp\/v2\/media?parent=4044"}],"wp:term":[{"taxonomy":"category","embeddable":true,"href":"https:\/\/www.ecoticias.com\/hoyeco\/wp-json\/wp\/v2\/categories?post=4044"},{"taxonomy":"post_tag","embeddable":true,"href":"https:\/\/www.ecoticias.com\/hoyeco\/wp-json\/wp\/v2\/tags?post=4044"}],"curies":[{"name":"wp","href":"https:\/\/api.w.org\/{rel}","templated":true}]}}