{"id":4301,"date":"2024-03-23T14:30:10","date_gmt":"2024-03-23T13:30:10","guid":{"rendered":"https:\/\/www.ecoticias.com\/hoyeco\/?p=4301"},"modified":"2024-03-23T14:30:10","modified_gmt":"2024-03-23T13:30:10","slug":"territorios-de-espana-olvidos","status":"publish","type":"post","link":"https:\/\/www.ecoticias.com\/hoyeco\/territorios-de-espana-olvidos\/4301\/","title":{"rendered":"Los territorios de Espa\u00f1a que hab\u00edamos olvidado: est\u00e1n m\u00e1s lejos que China y el caso llega hasta al Congreso"},"content":{"rendered":"<p>Justo en el momento en que el <strong>territorio<\/strong> espa\u00f1ol no se pon\u00eda el sol, las islas Gu\u00e9des, Pescadores o Corona tan solo eran para la pol\u00edtica colonial; nadie prest\u00f3 atenci\u00f3n a ello. Pero esto, a lo largo del tiempo, ha dado <a href=\"https:\/\/www.ecoticias.com\/hoyeco\/union-europea-ciudades-15-minutos\/4210\/\">incontables problemas pol\u00edticos<\/a>, tanto recientes como de hace d\u00e9cadas. Hoy en d\u00eda, tienen un reconocimiento viral dentro de internet.<\/p>\n<h2>\u00bfCu\u00e1l es el motivo de esta compleja situaci\u00f3n?<\/h2>\n<p>Un reconocido conquistador, Hernando de Grijalva, fue el primero en enfrentarse a esta colonizaci\u00f3n de las islas del Pac\u00edfico en el a\u00f1o 1537, durante una expedici\u00f3n desde la costa americana. Sin embargo, fue asesinado durante un mot\u00edn, y los atolones, atra\u00eddos por Grijalva, quedaron bajo el dominio espa\u00f1ol de todas estas islas.<\/p>\n<p>Pero una derrota frente a EE. UU. en el a\u00f1o 1898 forz\u00f3 a Espa\u00f1a a ceder sus \u00faltimas colonias, y una de las islas del Pac\u00edfico fue vendida al a\u00f1o siguiente a Alemania por una suma de <strong>24 millones de pesetas<\/strong>. A partir de este momento, esta isla pas\u00f3 a distintos territorios seg\u00fan cada conflicto, y a partir de la Segunda Guerra Mundial pertenece a Estados Unidos.<\/p>\n<p>El 30 de junio de 1899, Espa\u00f1a cedi\u00f3 todas las plazas que le quedaban por entonces en ese oc\u00e9ano. En ese acuerdo, Espa\u00f1a y Alemania firmaron un tratado por el cual Espa\u00f1a cedi\u00f3 a Alemania plena soberan\u00eda y propiedad de las islas Carolinas, Palaos y Marianas, con la excepci\u00f3n de Guam, que no pod\u00eda cederse porque estaba dominada por Estados Unidos.<\/p>\n<h2>Disputa por la soberan\u00eda: El tratado entre Espa\u00f1a y Alemania<\/h2>\n<p>Esta venta, seg\u00fan los expertos, se supon\u00eda que era un lote, pero en este contrato nunca se nombraron ni se especificaron nombres de las islas. Espa\u00f1a tampoco tuvo intenciones de retener posesiones en el Pac\u00edfico.<\/p>\n<p>Aunque argumentan que muchas islas descubiertas por Grijalva: G\u00fcedes, Pescadores, Corona, Monteverde y Ocean, no est\u00e1n geogr\u00e1ficamente en las Carolinas. Es por esto que en el contrato con Alemania, no fueron cedidas, y entonces Espa\u00f1a puede reclamar su soberan\u00eda como Provincia Oce\u00e1nica Espa\u00f1ola.<\/p>\n<p>La interpretaci\u00f3n de este contrato entre Espa\u00f1a y Alemania es que ambas partes ten\u00edan claro que este documento conten\u00eda la transferencia de todas las posesiones que Espa\u00f1a a\u00fan conservaba en ese momento dentro del Pac\u00edfico, y que <strong>no se necesitaba una delimitaci\u00f3n geogr\u00e1fica<\/strong> de cada una de estas como en el a\u00f1o 1855.<\/p>\n<p>Pero ante una respuesta legislativa hacia el diputado Amaiur Jon I\u00f1arritu, se afirma que Espa\u00f1a no conserva la soberan\u00eda de alguna isla dentro del Pac\u00edfico, a pesar del tratado de 1899, y que en esta zona firmada no se incluy\u00f3 ninguna delimitaci\u00f3n geogr\u00e1fica en los territorios transferidos.<\/p>\n<h2>El nuevo renombramiento del territorio: la decisi\u00f3n final del tratado<\/h2>\n<p>Este tratado no inclu\u00eda a las actuales islas, como la Isla Marshall, a las cuales los espa\u00f1oles llamaban \u00abIslas Carolinas Orientales\u00bb. Luego de la derrota en la conocida guerra hispano-norteamericana, fue cuando Espa\u00f1a decidi\u00f3 vender a Alemania lo que quedaba de sus propiedades dentro del Pac\u00edfico, as\u00ed lo record\u00f3 el gobierno.<\/p>\n<p>Todo este asunto no ha dejado de resurgir durante d\u00e9cadas, especialmente en la brevedad en los medios de internet. Este tema se ha vuelto recurrente, discutido en foros, blogs e incluso en Wikipedia. Las islas tambi\u00e9n han adoptado otros nombres dentro de los Estados Federados de Micronesia.<\/p>\n<p>Finalmente, al reflexionar sobre la importancia de este tema en el mundo contempor\u00e1neo y en el \u00e1mbito de Internet, nos enfrentamos a la aparente falta de coherencia en la decisi\u00f3n de Espa\u00f1a de ceder las Islas Carolinas a Alemania.<\/p>\n<p>Considerando la significativa relevancia <a href=\"https:\/\/www.ecoticias.com\/hoyeco\/espana-nueva-isla-san-borondon\/4236\/\">estrat\u00e9gica y geopol\u00edtica de estas islas<\/a> en el Pac\u00edfico, resulta dif\u00edcil comprender los motivos detr\u00e1s de esta transferencia territorial. La inclusi\u00f3n de territorios como Palaos y las Islas Marianas en el tratado tambi\u00e9n plantea interrogantes sobre la l\u00f3gica y la coherencia de las decisiones pol\u00edticas de la \u00e9poca.<\/p>\n","protected":false},"excerpt":{"rendered":"<p>Justo en el momento en que el territorio espa\u00f1ol no se pon\u00eda el sol, las islas Gu\u00e9des, Pescadores o Corona &#8230; <\/p>\n<p class=\"read-more-container\"><a title=\"Los territorios de Espa\u00f1a que hab\u00edamos olvidado: est\u00e1n m\u00e1s lejos que China y el caso llega hasta al Congreso\" class=\"read-more button\" href=\"https:\/\/www.ecoticias.com\/hoyeco\/territorios-de-espana-olvidos\/4301\/#more-4301\" aria-label=\"Leer m\u00e1s sobre Los territorios de Espa\u00f1a que hab\u00edamos olvidado: est\u00e1n m\u00e1s lejos que China y el caso llega hasta al Congreso\">Read more<\/a><\/p>\n","protected":false},"author":4,"featured_media":4305,"comment_status":"closed","ping_status":"closed","sticky":false,"template":"","format":"standard","meta":{"footnotes":""},"categories":[2],"tags":[],"class_list":["post-4301","post","type-post","status-publish","format-standard","has-post-thumbnail","hentry","category-actualidad","resize-featured-image"],"_links":{"self":[{"href":"https:\/\/www.ecoticias.com\/hoyeco\/wp-json\/wp\/v2\/posts\/4301","targetHints":{"allow":["GET"]}}],"collection":[{"href":"https:\/\/www.ecoticias.com\/hoyeco\/wp-json\/wp\/v2\/posts"}],"about":[{"href":"https:\/\/www.ecoticias.com\/hoyeco\/wp-json\/wp\/v2\/types\/post"}],"author":[{"embeddable":true,"href":"https:\/\/www.ecoticias.com\/hoyeco\/wp-json\/wp\/v2\/users\/4"}],"replies":[{"embeddable":true,"href":"https:\/\/www.ecoticias.com\/hoyeco\/wp-json\/wp\/v2\/comments?post=4301"}],"version-history":[{"count":0,"href":"https:\/\/www.ecoticias.com\/hoyeco\/wp-json\/wp\/v2\/posts\/4301\/revisions"}],"wp:featuredmedia":[{"embeddable":true,"href":"https:\/\/www.ecoticias.com\/hoyeco\/wp-json\/wp\/v2\/media\/4305"}],"wp:attachment":[{"href":"https:\/\/www.ecoticias.com\/hoyeco\/wp-json\/wp\/v2\/media?parent=4301"}],"wp:term":[{"taxonomy":"category","embeddable":true,"href":"https:\/\/www.ecoticias.com\/hoyeco\/wp-json\/wp\/v2\/categories?post=4301"},{"taxonomy":"post_tag","embeddable":true,"href":"https:\/\/www.ecoticias.com\/hoyeco\/wp-json\/wp\/v2\/tags?post=4301"}],"curies":[{"name":"wp","href":"https:\/\/api.w.org\/{rel}","templated":true}]}}