{"id":4310,"date":"2024-03-23T15:00:39","date_gmt":"2024-03-23T14:00:39","guid":{"rendered":"https:\/\/www.ecoticias.com\/hoyeco\/?p=4310"},"modified":"2024-03-23T15:00:39","modified_gmt":"2024-03-23T14:00:39","slug":"isla-construir-una-ciudad-espana","status":"publish","type":"post","link":"https:\/\/www.ecoticias.com\/hoyeco\/isla-construir-una-ciudad-espana\/4310\/","title":{"rendered":"Esta isla espa\u00f1ola va a construir una ciudad de cero: una idea que recuerda a Dub\u00e1i y trae pol\u00e9mica"},"content":{"rendered":"<p>Un extravagante proyecto que tiene en mente <strong>construir una ciudad<\/strong> est\u00e1 en marcha en una reconocida isla espa\u00f1ola, donde se lleva a cabo un proyecto ambicioso con la visi\u00f3n de crear un ambiente completamente nueva, prometiendo atraer visitantes y grandes beneficios. Esta iniciativa representa un paso adelante hacia <a href=\"https:\/\/www.ecoticias.com\/hoyeco\/esfera-las-vegas-espana\/4239\/\">un futuro m\u00e1s sostenible y sustentable<\/a>, donde la innovaci\u00f3n y se unir\u00e1 a creatividad para crear un nuevo espacio<\/p>\n<h2>Arona revive su turismo al construir una ciudad luego de tres d\u00e9cadas de par\u00e1lisis<\/h2>\n<p>Despu\u00e9s de m\u00e1s de tres d\u00e9cadas de paralizaci\u00f3n, finalmente el proyecto ha cobrado vida gracias a la iniciativa del ayuntamiento de Arona. La apertura del tr\u00e1mite para <strong>la construcci\u00f3n de m\u00e1s de 70 parcelas privadas<\/strong>, anunciada el viernes pasado seg\u00fan el peri\u00f3dico de Tenerife \u00abEL D\u00cdA\u00bb, marca un logro sumamente importante en el desarrollo de esta iniciativa urban\u00edstica.<\/p>\n<p>Este paso adelante representa una oportunidad emocionante para revitalizar la zona y aprovechar su potencial sin explotar durante tanto tiempo. Con la apertura de estas parcelas, se espera que se impulse la actividad econ\u00f3mica, se generen empleos y se revitalice el \u00e1rea, brindando nuevas oportunidades tanto para residentes como para inversores.<\/p>\n<p>El uso previsto del terreno <strong>ocupar\u00e1 una amplia gama de actividades<\/strong>, incluyendo turismo, residencial, comercial y deportivo, lo que brindar\u00e1 una diversidad de opciones para residentes y visitantes por igual. Adem\u00e1s, se contempla la creaci\u00f3n de dos grandes parques que ser\u00e1n cedidos al consistorio de Arona.<\/p>\n<h2>Una expansi\u00f3n descomunal: este es el espacio que abarcar\u00e1 la nueva ciudad y los beneficios que aportar\u00e1<\/h2>\n<p>Este nuevo proyecto que se basa en construir una ciudad se llevar\u00e1 a cabo en Tenerife y representa un logro importante en el desarrollo urbano de la regi\u00f3n. Firmado en mayo del a\u00f1o pasado, este ambicioso plan contempla la creaci\u00f3n de una nueva ciudad que abarcar\u00e1 un \u00e1rea de un mill\u00f3n de metros cuadrados, podr\u00e1s imaginar que equivale a la extensi\u00f3n de aproximadamente 140 campos de f\u00fatbol.<\/p>\n<p>La planificaci\u00f3n meticulosa de esta nueva ciudad, con su vasta extensi\u00f3n de terreno, permite la incorporaci\u00f3n de una amplia gama de servicios, infraestructuras y espacios p\u00fablicos que satisfar\u00e1n las necesidades de una comunidad din\u00e1mica y en constante evoluci\u00f3n sostenible y sustentable.<\/p>\n<p>Con respecto al monto invertido en construir una ciudad completamente desde cero, se estima que la inversi\u00f3n en el nuevo municipio podr\u00eda superar los mil millones de euros, lo que representa un compromiso significativo con el desarrollo econ\u00f3mico y social de la regi\u00f3n.<\/p>\n<p>Esta considerable inversi\u00f3n no solo impulsa el desarrollo urbano y la infraestructura de la zona, sino que tambi\u00e9n promete generar un impacto positivo en el empleo local. Se estima que la creaci\u00f3n de esta nueva ciudad podr\u00eda <strong>generar cerca de 4.000 puestos de trabajo<\/strong>, ofreciendo oportunidades laborales tanto en la construcci\u00f3n y desarrollo de la infraestructura como en sectores relacionados, como servicios, comercio y turismo.<\/p>\n<h2>\u00bfCu\u00e1l es el objetivo de esta atractiva propuesta?<\/h2>\n<p>Este proyecto tiene como objetivo principal crear un ambiente acogedor y completo para todos. La idea es que la mayor\u00eda de los nuevos establecimientos sean hogares, pero tambi\u00e9n habr\u00e1 espacio para hoteles y negocios, incluyendo marcas reconocidas como Lidl o McDonald&#8217;s, para que todos encuentren lo que necesitan cerca. Es un paso importante, pero solo el primero de tres pasos necesarios para que el proyecto sea una realidad.<\/p>\n<p>El siguiente paso ser\u00e1 llevar el convenio a la Junta de Portavoces, donde se discutir\u00e1 y revisar\u00e1 detenidamente, y luego pasar\u00e1 al pleno para el \u00faltimo paso de este gran proyecto, la aprobaci\u00f3n final del mismo. Queremos asegurarnos de que todos tengan voz en este proceso y de que se tome una <a href=\"https:\/\/www.ecoticias.com\/hoyeco\/inteligencia-artificial-energia-nasa\/4067\/\">decisi\u00f3n que beneficie a toda la comunidad<\/a>.<\/p>\n","protected":false},"excerpt":{"rendered":"<p>Un extravagante proyecto que tiene en mente construir una ciudad est\u00e1 en marcha en una reconocida isla espa\u00f1ola, donde se &#8230; <\/p>\n<p class=\"read-more-container\"><a title=\"Esta isla espa\u00f1ola va a construir una ciudad de cero: una idea que recuerda a Dub\u00e1i y trae pol\u00e9mica\" class=\"read-more button\" href=\"https:\/\/www.ecoticias.com\/hoyeco\/isla-construir-una-ciudad-espana\/4310\/#more-4310\" aria-label=\"Leer m\u00e1s sobre Esta isla espa\u00f1ola va a construir una ciudad de cero: una idea que recuerda a Dub\u00e1i y trae pol\u00e9mica\">Read more<\/a><\/p>\n","protected":false},"author":4,"featured_media":4313,"comment_status":"closed","ping_status":"closed","sticky":false,"template":"","format":"standard","meta":{"footnotes":""},"categories":[3],"tags":[],"class_list":["post-4310","post","type-post","status-publish","format-standard","has-post-thumbnail","hentry","category-construccion","resize-featured-image"],"_links":{"self":[{"href":"https:\/\/www.ecoticias.com\/hoyeco\/wp-json\/wp\/v2\/posts\/4310","targetHints":{"allow":["GET"]}}],"collection":[{"href":"https:\/\/www.ecoticias.com\/hoyeco\/wp-json\/wp\/v2\/posts"}],"about":[{"href":"https:\/\/www.ecoticias.com\/hoyeco\/wp-json\/wp\/v2\/types\/post"}],"author":[{"embeddable":true,"href":"https:\/\/www.ecoticias.com\/hoyeco\/wp-json\/wp\/v2\/users\/4"}],"replies":[{"embeddable":true,"href":"https:\/\/www.ecoticias.com\/hoyeco\/wp-json\/wp\/v2\/comments?post=4310"}],"version-history":[{"count":0,"href":"https:\/\/www.ecoticias.com\/hoyeco\/wp-json\/wp\/v2\/posts\/4310\/revisions"}],"wp:featuredmedia":[{"embeddable":true,"href":"https:\/\/www.ecoticias.com\/hoyeco\/wp-json\/wp\/v2\/media\/4313"}],"wp:attachment":[{"href":"https:\/\/www.ecoticias.com\/hoyeco\/wp-json\/wp\/v2\/media?parent=4310"}],"wp:term":[{"taxonomy":"category","embeddable":true,"href":"https:\/\/www.ecoticias.com\/hoyeco\/wp-json\/wp\/v2\/categories?post=4310"},{"taxonomy":"post_tag","embeddable":true,"href":"https:\/\/www.ecoticias.com\/hoyeco\/wp-json\/wp\/v2\/tags?post=4310"}],"curies":[{"name":"wp","href":"https:\/\/api.w.org\/{rel}","templated":true}]}}