{"id":4345,"date":"2024-03-24T16:00:33","date_gmt":"2024-03-24T15:00:33","guid":{"rendered":"https:\/\/www.ecoticias.com\/hoyeco\/?p=4345"},"modified":"2024-03-24T16:00:33","modified_gmt":"2024-03-24T15:00:33","slug":"ciudad-mas-contaminante-de-espana","status":"publish","type":"post","link":"https:\/\/www.ecoticias.com\/hoyeco\/ciudad-mas-contaminante-de-espana\/4345\/","title":{"rendered":"La ciudad m\u00e1s contaminante de Espa\u00f1a es un ejemplo: por qu\u00e9 las dem\u00e1s quieren imitarla, aunque suene extra\u00f1o"},"content":{"rendered":"<p>Esta ciudad espa\u00f1ola, a pesar de su reputaci\u00f3n por ser la <strong>ciudad m\u00e1s contaminante<\/strong>, alberga una curiosa cualidad que desconcierta a muchos: cuenta con <a href=\"https:\/\/www.ecoticias.com\/naturaleza\/dia-internacional-de-los-bosques-2024\">la mejor calidad de aire<\/a>. Aunque pueda parecer contradictorio, esta ciudad ha logrado mantener niveles excepcionalmente altos de calidad del aire, a pesar de los desaf\u00edos ambientales que enfrenta.<\/p>\n<h2>\u00bfQu\u00e9 hace tan especial a esta ciudad?: este es su secreto<\/h2>\n<p>Seg\u00fan un estudio de la Organizaci\u00f3n Mundial de la Salud (OMS) presentado en 2014, La L\u00ednea fue catalogada como la ciudad m\u00e1s contaminante de Espa\u00f1a en ese momento. Sin embargo, en un giro sorprendente, el \u00faltimo informe publicado por la Agencia Europea para el Medio Ambiente revela que La L\u00ednea ahora figura entre las diez ciudades con la mejor calidad de aire.<\/p>\n<p>El notable cambio del medioambiente experimentado por La L\u00ednea en tan solo nueve a\u00f1os es un testimonio impresionante de los esfuerzos y las pol\u00edticas implementadas para mejorar la calidad del aire en la ciudad. Este cambio radical <strong>refleja un compromiso decidido por parte de las autoridades locales y la comunidad<\/strong> en general para abordar los desaf\u00edos ambientales y mejorar la calidad de vida de los residentes.<\/p>\n<h2>Un radical cambio: la ciudad m\u00e1s contaminante dio un giro de 180 grados<\/h2>\n<p>El cambio en la calidad del aire de La L\u00ednea desde 2014 hasta ahora es verdaderamente impresionante y refleja un esfuerzo concertado para abordar los desaf\u00edos ambientales. En 2014, la ciudad m\u00e1s contaminante registraba una media de <strong>18 microgramos de PM 2.5 por metro c\u00fabico<\/strong>, lo que la situaba entre las ciudades m\u00e1s contaminadas de Espa\u00f1a en ese momento.<\/p>\n<p>No obstante, de acuerdo con los hallazgos del estudio m\u00e1s reciente realizado por la Agencia Europea para el Medio Ambiente, la concentraci\u00f3n de part\u00edculas contaminantes se ha disminuido hasta alcanzar los 9 microgramos. Este dato refleja una mejora notable en la calidad del aire, lo que indica que se han logrado niveles considerados aceptables seg\u00fan los est\u00e1ndares establecidos.<\/p>\n<p>Este descenso en la concentraci\u00f3n de part\u00edculas contaminantes es un logro notable que refleja el impacto positivo de las medidas implementadas para combatir la contaminaci\u00f3n atmosf\u00e9rica en la ciudad. Se han realizado inversiones significativas en infraestructuras m\u00e1s limpias, se han promovido pol\u00edticas de transporte sostenible y se han adoptado medidas para reducir las emisiones industriales y vehiculares.<\/p>\n<p>Uno de los factores clave que ha contribuido a esta transformaci\u00f3n ha sido la adopci\u00f3n de la ciudad m\u00e1s contaminante de pol\u00edticas ambientales progresistas y la inversi\u00f3n en infraestructuras m\u00e1s limpias y eficientes. Esto incluye la promoci\u00f3n del transporte p\u00fablico, la ampliaci\u00f3n de \u00e1reas verdes y el fomento de tecnolog\u00edas m\u00e1s limpias en la industria y el sector energ\u00e9tico.<\/p>\n<h2>Una ciudad admirable: se convirti\u00f3 en la meta de muchas otras comunidades<\/h2>\n<p>El reconocimiento de La L\u00ednea de la Concepci\u00f3n como el segundo municipio de Andaluc\u00eda con la mejor calidad del aire, justo despu\u00e9s de San Fernando, es un hito significativo que refleja un cambio notable en la situaci\u00f3n ambiental de la ciudad. Estos resultados han sido recibidos con gran satisfacci\u00f3n por parte de la delegaci\u00f3n municipal de Medio Ambiente, dirigida por la concejal Raquel \u00d1eco.<\/p>\n<p>Este logro es un testimonio del compromiso del Ayuntamiento y la comunidad en general para mejorar el medio ambiente y garantizar la salud y el bienestar de los residentes. Las pol\u00edticas ambientales progresistas, las inversiones en infraestructuras m\u00e1s limpias y las iniciativas de concienciaci\u00f3n han desempe\u00f1ado un papel clave en este \u00e9xito.<\/p>\n<p>Los esfuerzos municipales, destacados por \u00d1eco, se centran en mitigar los efectos de la dependencia de tres factores: el tr\u00e1fico de veh\u00edculos que acceden a Gibraltar, la actividad naval en la Bah\u00eda y la <a href=\"https:\/\/www.ecoticias.com\/energias-renovables\/desierto-termosolar-dubai\">presencia del complejo industrial<\/a>, cuya influencia excede las competencias municipales.<\/p>\n","protected":false},"excerpt":{"rendered":"<p>Esta ciudad espa\u00f1ola, a pesar de su reputaci\u00f3n por ser la ciudad m\u00e1s contaminante, alberga una curiosa cualidad que desconcierta &#8230; <\/p>\n<p class=\"read-more-container\"><a title=\"La ciudad m\u00e1s contaminante de Espa\u00f1a es un ejemplo: por qu\u00e9 las dem\u00e1s quieren imitarla, aunque suene extra\u00f1o\" class=\"read-more button\" href=\"https:\/\/www.ecoticias.com\/hoyeco\/ciudad-mas-contaminante-de-espana\/4345\/#more-4345\" aria-label=\"Leer m\u00e1s sobre La ciudad m\u00e1s contaminante de Espa\u00f1a es un ejemplo: por qu\u00e9 las dem\u00e1s quieren imitarla, aunque suene extra\u00f1o\">Read more<\/a><\/p>\n","protected":false},"author":4,"featured_media":4356,"comment_status":"closed","ping_status":"closed","sticky":false,"template":"","format":"standard","meta":{"footnotes":""},"categories":[3],"tags":[],"class_list":["post-4345","post","type-post","status-publish","format-standard","has-post-thumbnail","hentry","category-construccion","resize-featured-image"],"_links":{"self":[{"href":"https:\/\/www.ecoticias.com\/hoyeco\/wp-json\/wp\/v2\/posts\/4345","targetHints":{"allow":["GET"]}}],"collection":[{"href":"https:\/\/www.ecoticias.com\/hoyeco\/wp-json\/wp\/v2\/posts"}],"about":[{"href":"https:\/\/www.ecoticias.com\/hoyeco\/wp-json\/wp\/v2\/types\/post"}],"author":[{"embeddable":true,"href":"https:\/\/www.ecoticias.com\/hoyeco\/wp-json\/wp\/v2\/users\/4"}],"replies":[{"embeddable":true,"href":"https:\/\/www.ecoticias.com\/hoyeco\/wp-json\/wp\/v2\/comments?post=4345"}],"version-history":[{"count":0,"href":"https:\/\/www.ecoticias.com\/hoyeco\/wp-json\/wp\/v2\/posts\/4345\/revisions"}],"wp:featuredmedia":[{"embeddable":true,"href":"https:\/\/www.ecoticias.com\/hoyeco\/wp-json\/wp\/v2\/media\/4356"}],"wp:attachment":[{"href":"https:\/\/www.ecoticias.com\/hoyeco\/wp-json\/wp\/v2\/media?parent=4345"}],"wp:term":[{"taxonomy":"category","embeddable":true,"href":"https:\/\/www.ecoticias.com\/hoyeco\/wp-json\/wp\/v2\/categories?post=4345"},{"taxonomy":"post_tag","embeddable":true,"href":"https:\/\/www.ecoticias.com\/hoyeco\/wp-json\/wp\/v2\/tags?post=4345"}],"curies":[{"name":"wp","href":"https:\/\/api.w.org\/{rel}","templated":true}]}}