{"id":4348,"date":"2024-03-22T15:00:12","date_gmt":"2024-03-22T14:00:12","guid":{"rendered":"https:\/\/www.ecoticias.com\/hoyeco\/?p=4348"},"modified":"2024-03-22T15:00:12","modified_gmt":"2024-03-22T14:00:12","slug":"espana-gran-granada-proyecto","status":"publish","type":"post","link":"https:\/\/www.ecoticias.com\/hoyeco\/espana-gran-granada-proyecto\/4348\/","title":{"rendered":"Fusionar 44 pueblos y un r\u00e9ferendum: el pol\u00e9mico proyecto de esta ciudad de Espa\u00f1a que causa preocupaci\u00f3n"},"content":{"rendered":"<p>Nuestro pa\u00eds est\u00e1 cambiando a marchas forzadas, con proyectos tan curiosos como <a href=\"https:\/\/www.ecoticias.com\/hoyeco\/esfera-las-vegas-espana\/4239\/\">este para traer la esfera de Las Vegas<\/a>. Sin embargo, todo podr\u00eda quedar en segundo plano con lo que quiere hacer esta ciudad de\u00a0<strong>Espa\u00f1a<\/strong>: esta es la propuesta para fusionar 44 pueblos y, de paso, hacer un refer\u00e9ndum. \u00bfSabes cu\u00e1l es la que pretende llevarlo a cabo? Es m\u00e1s conocida y visitada de la que crees, te lo aseguramos.<\/p>\n<h2>La tercera ciudad espa\u00f1ola que todav\u00eda no existe: un vistazo al proyecto<\/h2>\n<p class=\"mb-3\">Granada, una de las ciudades m\u00e1s emblem\u00e1ticas de Espa\u00f1a, se encuentra en medio de un pol\u00e9mico proyecto de fusi\u00f3n que involucra a 44 municipios de los alrededores. La propuesta, impulsada por distintas asociaciones en la ciudad, <strong>busca crear una Gran Granada<\/strong> uniendo la capital con los pueblos vecinos en una sola entidad.<\/p>\n<p class=\"mb-3\">El proyecto ha generado opiniones encontradas entre los pol\u00edticos y habitantes de la zona. Mientras algunos lo ven como una oportunidad para fortalecer la regi\u00f3n, otros temen perder la identidad de sus localidades. De cualquier modo, la intenci\u00f3n es posicionarse junto a Madrid y Barcelona.<\/p>\n<p class=\"mb-3\">Sea como sea, la idea de fusionar 44 pueblos con una votaci\u00f3n ha puesto a Granada en el centro del debate nacional sobre la gesti\u00f3n del territorio. <strong>La intenci\u00f3n es rememorar los reinos nazar\u00edes<\/strong> y darles una nueva visi\u00f3n, adaptada a los tiempos modernos, pero conservando el patrimonio material de la \u00e9poca.<\/p>\n<h2>El objetivo de la Gran Granada, m\u00e1s curioso de lo que pudieras pensar<\/h2>\n<p class=\"mb-3\">El principal objetivo de este pol\u00e9mico proyecto es <strong>unificar los servicios p\u00fablicos y recursos<\/strong> de los 44 municipios que conforman el \u00e1rea metropolitana de Granada. Actualmente, cada ayuntamiento ofrece sus propios servicios de forma independiente lo que resulta en ineficiencias y duplicaci\u00f3n de esfuerzos.<\/p>\n<p class=\"mb-3\">Al fusionar estos municipios en una sola entidad, se busca optimizar el uso de recursos p\u00fablicos, mejorar la coordinaci\u00f3n entre \u00e1reas, aumentar la eficiencia en la prestaci\u00f3n de servicios, y generar econom\u00edas de escala. Seg\u00fan los impulsores del proyecto, contar con una administraci\u00f3n unificada.<\/p>\n<p class=\"mb-3\">De este modo, ser\u00eda m\u00e1s sencillo <strong>atender las necesidades de m\u00e1s de 500 000 habitantes<\/strong>, lo que permitir\u00eda planificar y ejecutar pol\u00edticas p\u00fablicas de manera m\u00e1s estrat\u00e9gica. En cualquier caso, es m\u00e1s una intenci\u00f3n estrat\u00e9gica para ganar turistas, relevancia y prestigio en nuestro pa\u00eds.<\/p>\n<p class=\"mb-3\">Otro objetivo importante es fortalecer la posici\u00f3n de Granada como capital y centro econ\u00f3mico de la regi\u00f3n, al consolidar su \u00e1rea metropolitana. De acuerdo a los defensores de la idea, esto mejorar\u00eda el posicionamiento y proyecci\u00f3n de Granada tanto a nivel nacional como internacional.<\/p>\n<h2>El refer\u00e9ndum, el punto m\u00e1s pol\u00e9mico de la Gran Granada<\/h2>\n<p class=\"mb-3\">La propuesta de refer\u00e9ndum vinculante ha sido una de las partes m\u00e1s controvertidas del proyecto Gran Granada. Originalmente, se propuso <strong>celebrar un refer\u00e9ndum en la ciudad de Granada<\/strong> y en los 44 municipios aleda\u00f1os para decidir si deb\u00edan fusionarse en una sola entidad.<\/p>\n<p class=\"mb-3\">La idea era que si la mayor\u00eda de los votantes en la mayor\u00eda de los municipios apoyaban la fusi\u00f3n, entonces se proceder\u00eda a unirlos en la Gran Granada. Sin embargo, muchas voces se alzaron en contra al considerar que no ten\u00eda sentido que Granada pudiera imponer su voluntad sobre municipios m\u00e1s peque\u00f1os en contra de su deseo.<\/p>\n<p class=\"mb-3\">Varios alcaldes de localidades como Las Gabias o Churriana <strong>rechazaron la celebraci\u00f3n de este refer\u00e9ndum<\/strong> al considerar que no deber\u00eda ser vinculante y que cada municipio deber\u00eda poder decidir individualmente si unirse o no. Finalmente, ante las cr\u00edticas, se plante\u00f3 que el refer\u00e9ndum no fuera vinculante.<\/p>\n<p class=\"mb-3\">A\u00fan as\u00ed, la propuesta original sigue generando preocupaci\u00f3n entre algunos de los municipios afectados que temen perder autonom\u00eda e identidad en caso de una hipot\u00e9tica fusi\u00f3n con Granada impulsada por el resultado del refer\u00e9ndum. Se trata de un debate complejo en el que se enfrentan distintas visiones identitarias.<\/p>\n<p>Una vez m\u00e1s, nos quedamos sorprendidos con el alcance que un proyecto puede tener en nuestro pa\u00eds.\u00a0<strong>Espa\u00f1a<\/strong> ha dado un paso de gigante con la\u00a0<strong>Gran Granada<\/strong>, que no solo levanta pol\u00e9mica, tambi\u00e9n curiosidad y escepticismo. De cualquier modo, hay otros pa\u00edses que tampoco se est\u00e1n quedando atr\u00e1s: esta es <a href=\"https:\/\/www.ecoticias.com\/hoyeco\/ciudad-utopica-europa\/4065\/\">la ciudad futurista europea que se levantar\u00e1 sobre una ola<\/a> (como lo oyes).<\/p>\n","protected":false},"excerpt":{"rendered":"<p>Nuestro pa\u00eds est\u00e1 cambiando a marchas forzadas, con proyectos tan curiosos como este para traer la esfera de Las Vegas. &#8230; <\/p>\n<p class=\"read-more-container\"><a title=\"Fusionar 44 pueblos y un r\u00e9ferendum: el pol\u00e9mico proyecto de esta ciudad de Espa\u00f1a que causa preocupaci\u00f3n\" class=\"read-more button\" href=\"https:\/\/www.ecoticias.com\/hoyeco\/espana-gran-granada-proyecto\/4348\/#more-4348\" aria-label=\"Leer m\u00e1s sobre Fusionar 44 pueblos y un r\u00e9ferendum: el pol\u00e9mico proyecto de esta ciudad de Espa\u00f1a que causa preocupaci\u00f3n\">Read more<\/a><\/p>\n","protected":false},"author":2,"featured_media":4382,"comment_status":"closed","ping_status":"closed","sticky":false,"template":"","format":"standard","meta":{"footnotes":""},"categories":[2],"tags":[],"class_list":["post-4348","post","type-post","status-publish","format-standard","has-post-thumbnail","hentry","category-actualidad","resize-featured-image"],"_links":{"self":[{"href":"https:\/\/www.ecoticias.com\/hoyeco\/wp-json\/wp\/v2\/posts\/4348","targetHints":{"allow":["GET"]}}],"collection":[{"href":"https:\/\/www.ecoticias.com\/hoyeco\/wp-json\/wp\/v2\/posts"}],"about":[{"href":"https:\/\/www.ecoticias.com\/hoyeco\/wp-json\/wp\/v2\/types\/post"}],"author":[{"embeddable":true,"href":"https:\/\/www.ecoticias.com\/hoyeco\/wp-json\/wp\/v2\/users\/2"}],"replies":[{"embeddable":true,"href":"https:\/\/www.ecoticias.com\/hoyeco\/wp-json\/wp\/v2\/comments?post=4348"}],"version-history":[{"count":0,"href":"https:\/\/www.ecoticias.com\/hoyeco\/wp-json\/wp\/v2\/posts\/4348\/revisions"}],"wp:featuredmedia":[{"embeddable":true,"href":"https:\/\/www.ecoticias.com\/hoyeco\/wp-json\/wp\/v2\/media\/4382"}],"wp:attachment":[{"href":"https:\/\/www.ecoticias.com\/hoyeco\/wp-json\/wp\/v2\/media?parent=4348"}],"wp:term":[{"taxonomy":"category","embeddable":true,"href":"https:\/\/www.ecoticias.com\/hoyeco\/wp-json\/wp\/v2\/categories?post=4348"},{"taxonomy":"post_tag","embeddable":true,"href":"https:\/\/www.ecoticias.com\/hoyeco\/wp-json\/wp\/v2\/tags?post=4348"}],"curies":[{"name":"wp","href":"https:\/\/api.w.org\/{rel}","templated":true}]}}