{"id":4506,"date":"2024-03-28T15:00:09","date_gmt":"2024-03-28T14:00:09","guid":{"rendered":"https:\/\/www.ecoticias.com\/hoyeco\/?p=4506"},"modified":"2024-03-28T15:00:09","modified_gmt":"2024-03-28T14:00:09","slug":"cambio-climatico-bunker-canarias","status":"publish","type":"post","link":"https:\/\/www.ecoticias.com\/hoyeco\/cambio-climatico-bunker-canarias\/4506\/","title":{"rendered":"El cambio clim\u00e1tico llega demasiado lejos: la regi\u00f3n espa\u00f1ola que est\u00e1 construyendo un b\u00fanker para ciudadanos"},"content":{"rendered":"<p>Imag\u00ednate c\u00f3mo podr\u00eda ser la Tierra dentro de diez o quince a\u00f1os por culpa del\u00a0<strong>cambio clim\u00e1tico<\/strong>. Malas noticias, \u00bfverdad? El futuro puede ser lo optimista que la humanidad est\u00e9 dispuesto a esforzarse, pero hay ciudades que est\u00e1n empezando a preocuparse. Una de ellas, de hecho, acaba de empezar a construir un b\u00fanker en Espa\u00f1a para salvarse de los peores efectos (no como <a href=\"https:\/\/www.ecoticias.com\/hoyeco\/siberia-espanola-nadie-conoce\/4337\/\">esta que tiene un clima propio de Siberia<\/a>).<\/p>\n<h2>Esta regi\u00f3n espa\u00f1ola, preocupada por el cambio clim\u00e1tico: toma una in\u00e9dita decisi\u00f3n<\/h2>\n<p class=\"mb-3\">El cambio clim\u00e1tico es una realidad que est\u00e1 afectando a todas las regiones del planeta. Sus efectos, como el aumento del nivel del mar, la desertificaci\u00f3n y los fen\u00f3menos meteorol\u00f3gicos extremos, est\u00e1n obligando a muchos lugares a tomar medidas.<\/p>\n<p class=\"mb-3\">Una de las <strong>zonas m\u00e1s vulnerables es el archipi\u00e9lago canario<\/strong>, situado en el Oc\u00e9ano Atl\u00e1ntico frente a las costas de \u00c1frica. Ante la amenaza que representa el cambio clim\u00e1tico, el Gobierno de Canarias ha decidido construir un b\u00fanker en la isla de Gran Canaria y otro en Tenerife.<\/p>\n<p>La tormenta tropical Delta (2005) demostr\u00f3 que las islas no est\u00e1n exentas de sufrir huracanes \u2014aunque este se encontrara una categor\u00eda por debajo\u2014. Igualmente, la erupci\u00f3n volc\u00e1nica sufrida en la isla de La Palma (2021) evidenci\u00f3 la necesidad de coordinar las emergencias en el \u00e1mbito auton\u00f3mico y no solo insular.<\/p>\n<h2>Los b\u00fankeres que Canarias est\u00e1 construyendo: son gemelos e independientes<\/h2>\n<p>Los b\u00fankeres est\u00e1n siendo construidos simult\u00e1neamente en las islas de Tenerife y Gran Canaria, y permitir\u00e1n centralizar la gesti\u00f3n de crisis y la toma de decisiones ante cualquier eventualidad que pueda afectar gravemente a la poblaci\u00f3n canaria, <strong>como ha sucedido tambi\u00e9n con los incendios<\/strong> (2019 y 2023, sobre todo).<\/p>\n<p>Se trata de edificaciones s\u00f3lidas y altamente resistentes pensadas para operar de forma aut\u00f3noma incluso si se interrumpen las comunicaciones o fallan las infraestructuras b\u00e1sicas. De hecho, est\u00e1n a prueba de cualquier fen\u00f3meno meteorol\u00f3gico extremo, aunque de momento no son comunes en el archipi\u00e9lago.<\/p>\n<p>La primera piedra se puso esta semana, y consisti\u00f3 en <strong>una masa de ceniza expulsada por el volc\u00e1n Tajogaite<\/strong> en 2021. Como te estar\u00e1s imaginando, es una met\u00e1fora para levantar un edificio que albergar\u00e1 al 112, a las Fuerzas y Cuerpos de Seguridad del Estado y a una conexi\u00f3n con la UME.<\/p>\n<h2>El punto neur\u00e1lgico de las islas: as\u00ed se prepara para cualquier cat\u00e1strofe<\/h2>\n<p class=\"mb-3\">Los b\u00fankeres se est\u00e1n construyendo simult\u00e1neamente en dos ubicaciones estrat\u00e9gicas de las islas Canarias: Tenerife y Gran Canaria. Est\u00e1n pensados para que, en caso de quedar uno inoperativo, el otro pueda asumir sus servicios, es decir, duplicarse para que la gesti\u00f3n no se vea afectad.a<\/p>\n<p class=\"mb-3\">Se trata de dos edificios gemelos dise\u00f1ados espec\u00edficamente para albergar los servicios esenciales y de emergencia del archipi\u00e9lago. <strong>Ambas estructuras tendr\u00e1n un tama\u00f1o considerable<\/strong> y est\u00e1n dise\u00f1adas para resistir los embates de la naturaleza, incluso en el caso de fen\u00f3menos meteorol\u00f3gicos extremos.<\/p>\n<p class=\"mb-3\">La elecci\u00f3n de Tenerife y Gran Canaria no es casual, ya que se trata de las dos islas m\u00e1s pobladas del archipi\u00e9lago canario. Contar con estas instalaciones en cada una de ellas permitir\u00e1 descentralizar los servicios y garantizar la coordinaci\u00f3n incluso si una de las islas quedara incomunicada por un desastre natural.<\/p>\n<p class=\"mb-3\">Los b\u00fankeres tienen forma de cubo y presentan un dise\u00f1o vanguardista. Cuentan con gruesas paredes de hormig\u00f3n armado y est\u00e1n enterrados parcialmente en el terreno, lo que les confiere una gran resistencia ante cualquier adversidad, <strong>que es precisamente lo que buscamos<\/strong>.<\/p>\n<p>Como has podido ver, el\u00a0<strong>cambio clim\u00e1tico<\/strong> est\u00e1 desplegando sus peores efectos, lo que ha llevado a Canarias a construir su propio b\u00fanker. \u00bfVeremos m\u00e1s edificaciones de este tipo por toda la geograf\u00eda nacional? Si miramos al mapa, quiz\u00e1 nos llevemos una sorpresa. Fue justo lo que hicimos esta semana, y nos quedamos sorprendidos por conocer <a href=\"https:\/\/www.ecoticias.com\/hoyeco\/energia-atmosfera-aire\/4358\/\">esto que han encontrado en la atm\u00f3sfera<\/a> y que nos obliga a replantearnos todo.<\/p>\n","protected":false},"excerpt":{"rendered":"<p>Imag\u00ednate c\u00f3mo podr\u00eda ser la Tierra dentro de diez o quince a\u00f1os por culpa del\u00a0cambio clim\u00e1tico. Malas noticias, \u00bfverdad? El &#8230; <\/p>\n<p class=\"read-more-container\"><a title=\"El cambio clim\u00e1tico llega demasiado lejos: la regi\u00f3n espa\u00f1ola que est\u00e1 construyendo un b\u00fanker para ciudadanos\" class=\"read-more button\" href=\"https:\/\/www.ecoticias.com\/hoyeco\/cambio-climatico-bunker-canarias\/4506\/#more-4506\" aria-label=\"Leer m\u00e1s sobre El cambio clim\u00e1tico llega demasiado lejos: la regi\u00f3n espa\u00f1ola que est\u00e1 construyendo un b\u00fanker para ciudadanos\">Read more<\/a><\/p>\n","protected":false},"author":2,"featured_media":4531,"comment_status":"closed","ping_status":"closed","sticky":false,"template":"","format":"standard","meta":{"footnotes":""},"categories":[3],"tags":[],"class_list":["post-4506","post","type-post","status-publish","format-standard","has-post-thumbnail","hentry","category-construccion","resize-featured-image"],"_links":{"self":[{"href":"https:\/\/www.ecoticias.com\/hoyeco\/wp-json\/wp\/v2\/posts\/4506","targetHints":{"allow":["GET"]}}],"collection":[{"href":"https:\/\/www.ecoticias.com\/hoyeco\/wp-json\/wp\/v2\/posts"}],"about":[{"href":"https:\/\/www.ecoticias.com\/hoyeco\/wp-json\/wp\/v2\/types\/post"}],"author":[{"embeddable":true,"href":"https:\/\/www.ecoticias.com\/hoyeco\/wp-json\/wp\/v2\/users\/2"}],"replies":[{"embeddable":true,"href":"https:\/\/www.ecoticias.com\/hoyeco\/wp-json\/wp\/v2\/comments?post=4506"}],"version-history":[{"count":0,"href":"https:\/\/www.ecoticias.com\/hoyeco\/wp-json\/wp\/v2\/posts\/4506\/revisions"}],"wp:featuredmedia":[{"embeddable":true,"href":"https:\/\/www.ecoticias.com\/hoyeco\/wp-json\/wp\/v2\/media\/4531"}],"wp:attachment":[{"href":"https:\/\/www.ecoticias.com\/hoyeco\/wp-json\/wp\/v2\/media?parent=4506"}],"wp:term":[{"taxonomy":"category","embeddable":true,"href":"https:\/\/www.ecoticias.com\/hoyeco\/wp-json\/wp\/v2\/categories?post=4506"},{"taxonomy":"post_tag","embeddable":true,"href":"https:\/\/www.ecoticias.com\/hoyeco\/wp-json\/wp\/v2\/tags?post=4506"}],"curies":[{"name":"wp","href":"https:\/\/api.w.org\/{rel}","templated":true}]}}