{"id":4607,"date":"2024-03-29T14:30:14","date_gmt":"2024-03-29T13:30:14","guid":{"rendered":"https:\/\/www.ecoticias.com\/hoyeco\/?p=4607"},"modified":"2024-03-29T14:30:14","modified_gmt":"2024-03-29T13:30:14","slug":"espana-paises-cuatro-estaciones","status":"publish","type":"post","link":"https:\/\/www.ecoticias.com\/hoyeco\/espana-paises-cuatro-estaciones\/4607\/","title":{"rendered":"Lo que nos espera en Espa\u00f1a: estos son los pa\u00edses que no tienen las cuatro estaciones"},"content":{"rendered":"<p>El cambio clim\u00e1tico contin\u00faa desatando sus efectos y levantando preocupaciones en <strong>Espa\u00f1a<\/strong> \u2014ya viste <a href=\"https:\/\/www.ecoticias.com\/hoyeco\/espana-oceano-atlantico\/4460\/\">la alerta que tenemos para 2025 en el Atl\u00e1ntico<\/a>\u2014. Sin embargo, ahora hemos conocido que se acerca otra incre\u00edble consecuencia, y es que las cuatro estaciones van a desaparecer tal y como las conocemos. Para que te hagas una idea, te mostramos los pa\u00edses en los que ya est\u00e1 sucediendo.<\/p>\n<h2>Las estaciones no siempre son cuatro como en Espa\u00f1a: lo que sucede en el planeta<\/h2>\n<p class=\"mb-3\">La mayor\u00eda de pa\u00edses en el mundo experimentan 4 estaciones clim\u00e1ticas a lo largo del a\u00f1o &#8211; primavera, verano, oto\u00f1o e invierno. Sin embargo, no en todos los lugares del planeta se dan estos cambios estacionales tan marcados (sin ir m\u00e1s lejos, <strong>recuerda el monz\u00f3n, en Filipinas y pa\u00edses cercanos<\/strong>).<\/p>\n<p class=\"mb-3\">Existen regiones en las que solo se distinguen dos estaciones, mientras que en otras se identifica incluso una quinta. Con esto, no solo nos referimos a que el clima sea diferente en un determinado mes, tambi\u00e9n a que hayan creado una denominaci\u00f3n espec\u00edfica para ello.<\/p>\n<p class=\"mb-3\">Las diferencias en la duraci\u00f3n e intensidad de las estaciones dependen de m\u00faltiples factores, como la latitud, la altitud, <strong>las corrientes oce\u00e1nicas y los vientos predominantes<\/strong>. Cuanto m\u00e1s cerca se est\u00e1 del ecuador, m\u00e1s constante suele ser el clima. En los tr\u00f3picos, la temperatura var\u00eda poco entre verano e invierno.<\/p>\n<h2>Un continente entero, sin cuatro estaciones desde hace siglos<\/h2>\n<p class=\"mb-3\">Muchos pa\u00edses de Sudam\u00e9rica, especialmente los ubicados cerca del ecuador, <strong>no experimentan las 4 estaciones t\u00edpicas<\/strong>. Esto se debe a su proximidad a la l\u00ednea ecuatorial, lo que hace que los cambios estacionales sean menos pronunciados (en este caso, no se debe al cambio clim\u00e1tico, s\u00ed ser\u00e1 as\u00ed en el caso de Espa\u00f1a).<\/p>\n<p class=\"mb-3\">Per\u00fa es uno de los pa\u00edses que no tiene las 4 estaciones definidas. La mayor parte del pa\u00eds se encuentra en la zona tropical, por lo que no hay grandes cambios de temperatura. Los veranos son c\u00e1lidos y lluviosos mientras que los inviernos son suaves y secos.<\/p>\n<p class=\"mb-3\">Colombia tampoco tiene las 4 estaciones marcadas. Al estar ubicado en la zona tropical, Colombia solo tiene dos estaciones: verano e invierno. El verano va de diciembre a marzo con altas temperaturas y precipitaciones. El invierno va de junio a septiembre con temperaturas m\u00e1s bajas y menos lluvias.<\/p>\n<p class=\"mb-3\">En las zonas monta\u00f1osas hay climas m\u00e1s fr\u00edos pero sin llegar a tener oto\u00f1os e inviernos. <strong>Venezuela es otro pa\u00eds sudamericano sin estaciones definidas<\/strong>. Su cercan\u00eda al ecuador hace que no haya grandes cambios de temperatura.<\/p>\n<h2>La quinta estaci\u00f3n que solo unos pocos pa\u00edses tienen: esto es lo que les pasa<\/h2>\n<p class=\"mb-3\">Singapur y Malasia se encuentran en el sureste asi\u00e1tico, en una regi\u00f3n de clima tropical que experimenta altas temperaturas y humedad durante todo el a\u00f1o. Sin embargo, <strong>estos pa\u00edses tienen una quinta estaci\u00f3n<\/strong> adem\u00e1s de las cuatro estaciones t\u00edpicas: la estaci\u00f3n del monz\u00f3n, de la que en Espa\u00f1a sabemos poco.<\/p>\n<p class=\"mb-3\">El monz\u00f3n es un viento estacional que cambia de direcci\u00f3n seg\u00fan la \u00e9poca del a\u00f1o. Durante el monz\u00f3n del noroeste, entre noviembre y marzo, los vientos soplan desde el continente asi\u00e1tico hacia el oc\u00e9ano \u00cdndico, trayendo aire seco y fresco.<\/p>\n<p class=\"mb-3\">En el monz\u00f3n del sureste, entre mayo y septiembre, los vientos cambian de direcci\u00f3n y soplan desde el oc\u00e9ano hacia el continente, trayendo lluvias torrenciales. La estaci\u00f3n del monz\u00f3n sureste es un periodo de fuertes lluvias, inundaciones y tormentas en Singapur y Malasia.<\/p>\n<p>\u00bfQu\u00e9 te parece lo que suceder\u00e1 en\u00a0<strong>Espa\u00f1a con las estaciones<\/strong> dentro de unos a\u00f1os? Esta cuesti\u00f3n es m\u00e1s grave de lo que cabr\u00eda pensar, imag\u00ednate un a\u00f1o entero en el que sea solo verano. Fue parecido a lo que sucedi\u00f3 en 2023, exagerando solo un poco, y nos deja ver c\u00f3mo estamos llevando la situaci\u00f3n demasiado lejos. Es m\u00e1s, estamos pendientes de <a href=\"https:\/\/www.ecoticias.com\/hoyeco\/espana-atlantico-alerta-extrema\/4240\/\">esta alerta por lo que sucede el 1 de junio<\/a>.<\/p>\n","protected":false},"excerpt":{"rendered":"<p>El cambio clim\u00e1tico contin\u00faa desatando sus efectos y levantando preocupaciones en Espa\u00f1a \u2014ya viste la alerta que tenemos para 2025 &#8230; <\/p>\n<p class=\"read-more-container\"><a title=\"Lo que nos espera en Espa\u00f1a: estos son los pa\u00edses que no tienen las cuatro estaciones\" class=\"read-more button\" href=\"https:\/\/www.ecoticias.com\/hoyeco\/espana-paises-cuatro-estaciones\/4607\/#more-4607\" aria-label=\"Leer m\u00e1s sobre Lo que nos espera en Espa\u00f1a: estos son los pa\u00edses que no tienen las cuatro estaciones\">Read more<\/a><\/p>\n","protected":false},"author":2,"featured_media":4615,"comment_status":"closed","ping_status":"closed","sticky":false,"template":"","format":"standard","meta":{"footnotes":""},"categories":[2],"tags":[],"class_list":["post-4607","post","type-post","status-publish","format-standard","has-post-thumbnail","hentry","category-actualidad","resize-featured-image"],"_links":{"self":[{"href":"https:\/\/www.ecoticias.com\/hoyeco\/wp-json\/wp\/v2\/posts\/4607","targetHints":{"allow":["GET"]}}],"collection":[{"href":"https:\/\/www.ecoticias.com\/hoyeco\/wp-json\/wp\/v2\/posts"}],"about":[{"href":"https:\/\/www.ecoticias.com\/hoyeco\/wp-json\/wp\/v2\/types\/post"}],"author":[{"embeddable":true,"href":"https:\/\/www.ecoticias.com\/hoyeco\/wp-json\/wp\/v2\/users\/2"}],"replies":[{"embeddable":true,"href":"https:\/\/www.ecoticias.com\/hoyeco\/wp-json\/wp\/v2\/comments?post=4607"}],"version-history":[{"count":0,"href":"https:\/\/www.ecoticias.com\/hoyeco\/wp-json\/wp\/v2\/posts\/4607\/revisions"}],"wp:featuredmedia":[{"embeddable":true,"href":"https:\/\/www.ecoticias.com\/hoyeco\/wp-json\/wp\/v2\/media\/4615"}],"wp:attachment":[{"href":"https:\/\/www.ecoticias.com\/hoyeco\/wp-json\/wp\/v2\/media?parent=4607"}],"wp:term":[{"taxonomy":"category","embeddable":true,"href":"https:\/\/www.ecoticias.com\/hoyeco\/wp-json\/wp\/v2\/categories?post=4607"},{"taxonomy":"post_tag","embeddable":true,"href":"https:\/\/www.ecoticias.com\/hoyeco\/wp-json\/wp\/v2\/tags?post=4607"}],"curies":[{"name":"wp","href":"https:\/\/api.w.org\/{rel}","templated":true}]}}