{"id":4697,"date":"2024-04-03T16:00:46","date_gmt":"2024-04-03T14:00:46","guid":{"rendered":"https:\/\/www.ecoticias.com\/hoyeco\/?p=4697"},"modified":"2024-04-03T16:00:46","modified_gmt":"2024-04-03T14:00:46","slug":"abejas-canarias-dar-de-beber","status":"publish","type":"post","link":"https:\/\/www.ecoticias.com\/hoyeco\/abejas-canarias-dar-de-beber\/4697\/","title":{"rendered":"Dar de beber a las abejas, la soluci\u00f3n desesperada de esta regi\u00f3n espa\u00f1ola para evitar su extinci\u00f3n inminente"},"content":{"rendered":"<p>La Uni\u00f3n Europea lleva unos meses preocupada por lo que sucede en el continente. Si hace unos d\u00edas comprobamos <a href=\"https:\/\/www.ecoticias.com\/hoyeco\/union-europea-delitos-contra-planeta\/4632\/\">cu\u00e1les son los primeros delitos contra el planeta<\/a> \u2014con dur\u00edsimas sanciones, por cierto\u2014, ahora vemos el caso de una regi\u00f3n espa\u00f1ola que est\u00e1 alarmando. Las\u00a0<strong>abejas<\/strong>, como insectos clave para el medioambiente, est\u00e1n en serio peligro, y la soluci\u00f3n pasa por darles de beber.<\/p>\n<h2>El calentamiento global no es nuestro \u00fanico problema: lo que est\u00e1 pasando<\/h2>\n<p class=\"mb-3\">Espa\u00f1a est\u00e1 atravesando una grave sequ\u00eda que est\u00e1 afectando a muchas regiones del pa\u00eds. Despu\u00e9s de un invierno extremadamente seco, los niveles de agua en embalses, r\u00edos y acu\u00edferos <strong>se encuentran en m\u00ednimos hist\u00f3ricos<\/strong> en gran parte del territorio espa\u00f1ol.<\/p>\n<p class=\"mb-3\">La escasez de precipitaciones est\u00e1 poniendo en jaque a sectores clave de la econom\u00eda como la agricultura y la ganader\u00eda, y est\u00e1 obligando a tomar medidas excepcionales para garantizar el suministro de agua a la poblaci\u00f3n. De hecho, m\u00e1s de 500 municipios ya sufren restricciones en el uso de agua.<\/p>\n<p class=\"mb-3\">En este contexto de emergencia h\u00eddrica, una de las consecuencias m\u00e1s preocupantes es <strong>la amenaza que supone para las abejas y la apicultura<\/strong>. Estos insectos imprescindibles para la polinizaci\u00f3n de cultivos y la biodiversidad tambi\u00e9n se est\u00e1n viendo seriamente afectados por la falta de agua.<\/p>\n<h2>Espa\u00f1a se queda sin abejas: esta regi\u00f3n va a verlas desaparecer en nada<\/h2>\n<p class=\"mb-3\">La abeja negra canaria es <strong>una especie end\u00e9mica de las Islas Canarias<\/strong> que se encuentra en grave peligro de extinci\u00f3n. Esta abeja juega un papel clave en el ecosistema canario ya que es la principal polinizadora de su flora. Sin embargo, en las \u00faltimas d\u00e9cadas ha sufrido una alarmante disminuci\u00f3n de sus poblaciones.<\/p>\n<p class=\"mb-3\">Se estima que en la d\u00e9cada de los 80 hab\u00eda alrededor de 100 000 colmenas de abeja negra en Canarias, mientras que en la actualidad apenas quedan 8000. Entre los factores que han provocado este declive se encuentran la introducci\u00f3n de la abeja for\u00e1nea <em>Apis mellifera<\/em>, las enfermedades y par\u00e1sitos o la p\u00e9rdida de biodiversidad.<\/p>\n<p class=\"mb-3\"><strong>La abeja negra se enfrenta a un futuro incierto<\/strong>. Su desaparici\u00f3n tendr\u00eda graves consecuencias para el fr\u00e1gil ecosistema canario. Es urgente tomar medidas de conservaci\u00f3n para proteger a esta especie emblem\u00e1tica y los valiosos servicios ecosist\u00e9micos que brinda a las islas.<\/p>\n<h2>Los canarios han empezado a dar de beber a las abejas: preocupaci\u00f3n extrema<\/h2>\n<p class=\"mb-3\">La grave sequ\u00eda ha obligado a los apicultores de Catalu\u00f1a a tomar medidas desesperadas para salvar a sus abejas. Con <strong>la vegetaci\u00f3n marchita y las fuentes de agua secas<\/strong>, las abejas no pueden obtener el n\u00e9ctar y el agua que necesitan para sobrevivir.<\/p>\n<p class=\"mb-3\">Muchos criadores han comenzado a proporcionar agua con az\u00facar directamente a las colmenas. Preparan una soluci\u00f3n de una parte de az\u00facar por una de agua y la roc\u00edan sobre las abejas o la ponen en comederos cerca de las colmenas. El az\u00facar les proporciona la energ\u00eda que necesitan y el agua evita que se deshidraten.<\/p>\n<p class=\"mb-3\">Aunque suministrar agua con az\u00facar puede mantener vivas a algunas abejas, es solo una soluci\u00f3n temporal ante la falta de n\u00e9ctar y agua natural. <strong>No reemplaza la diversidad de nutrientes<\/strong> que obtienen de las flores y plantas. Los graves incendios forestales sufridos en Gran Canaria (2019) y Tenerife (2023) tambi\u00e9n contribuyeron.<\/p>\n<p class=\"mb-3\">Pero en una emergencia, es una de las pocas opciones para los apicultores preocupados por la supervivencia de sus colonias. De hecho, en municipios como San Bartolom\u00e9 de Tirajana o Tejeda han comenzado a hacerlo, as\u00ed como en localidades como Tenteniguada, todas en Gran Canaria.<\/p>\n<p>Est\u00e1 claro que las\u00a0<strong>abejas<\/strong> van a adquirir cada vez mayor relevancia hasta que se comprenda que su extinci\u00f3n estar\u00e1 ligada a la nuestra. Cuando llegue ese momento, comenzaremos a hablar de emergencia y, por fin, de tomarnos las cosas en serio. Es similar a lo que ha sucedido a <a href=\"https:\/\/www.ecoticias.com\/hoyeco\/cambio-climatico-serpientes-solucion\/4507\/\">esta soluci\u00f3n con las serpientes<\/a> que, por lo pronto, nadie se atreve a poner en pr\u00e1ctica (y con raz\u00f3n).<\/p>\n","protected":false},"excerpt":{"rendered":"<p>La Uni\u00f3n Europea lleva unos meses preocupada por lo que sucede en el continente. Si hace unos d\u00edas comprobamos cu\u00e1les &#8230; <\/p>\n<p class=\"read-more-container\"><a title=\"Dar de beber a las abejas, la soluci\u00f3n desesperada de esta regi\u00f3n espa\u00f1ola para evitar su extinci\u00f3n inminente\" class=\"read-more button\" href=\"https:\/\/www.ecoticias.com\/hoyeco\/abejas-canarias-dar-de-beber\/4697\/#more-4697\" aria-label=\"Leer m\u00e1s sobre Dar de beber a las abejas, la soluci\u00f3n desesperada de esta regi\u00f3n espa\u00f1ola para evitar su extinci\u00f3n inminente\">Read more<\/a><\/p>\n","protected":false},"author":2,"featured_media":4730,"comment_status":"closed","ping_status":"closed","sticky":false,"template":"","format":"standard","meta":{"footnotes":""},"categories":[4],"tags":[],"class_list":["post-4697","post","type-post","status-publish","format-standard","has-post-thumbnail","hentry","category-consumo","resize-featured-image"],"_links":{"self":[{"href":"https:\/\/www.ecoticias.com\/hoyeco\/wp-json\/wp\/v2\/posts\/4697","targetHints":{"allow":["GET"]}}],"collection":[{"href":"https:\/\/www.ecoticias.com\/hoyeco\/wp-json\/wp\/v2\/posts"}],"about":[{"href":"https:\/\/www.ecoticias.com\/hoyeco\/wp-json\/wp\/v2\/types\/post"}],"author":[{"embeddable":true,"href":"https:\/\/www.ecoticias.com\/hoyeco\/wp-json\/wp\/v2\/users\/2"}],"replies":[{"embeddable":true,"href":"https:\/\/www.ecoticias.com\/hoyeco\/wp-json\/wp\/v2\/comments?post=4697"}],"version-history":[{"count":0,"href":"https:\/\/www.ecoticias.com\/hoyeco\/wp-json\/wp\/v2\/posts\/4697\/revisions"}],"wp:featuredmedia":[{"embeddable":true,"href":"https:\/\/www.ecoticias.com\/hoyeco\/wp-json\/wp\/v2\/media\/4730"}],"wp:attachment":[{"href":"https:\/\/www.ecoticias.com\/hoyeco\/wp-json\/wp\/v2\/media?parent=4697"}],"wp:term":[{"taxonomy":"category","embeddable":true,"href":"https:\/\/www.ecoticias.com\/hoyeco\/wp-json\/wp\/v2\/categories?post=4697"},{"taxonomy":"post_tag","embeddable":true,"href":"https:\/\/www.ecoticias.com\/hoyeco\/wp-json\/wp\/v2\/tags?post=4697"}],"curies":[{"name":"wp","href":"https:\/\/api.w.org\/{rel}","templated":true}]}}