{"id":4871,"date":"2024-04-08T14:30:56","date_gmt":"2024-04-08T12:30:56","guid":{"rendered":"https:\/\/www.ecoticias.com\/hoyeco\/?p=4871"},"modified":"2024-04-08T14:30:56","modified_gmt":"2024-04-08T12:30:56","slug":"autobus-electrico-carga-inalambrica","status":"publish","type":"post","link":"https:\/\/www.ecoticias.com\/hoyeco\/autobus-electrico-carga-inalambrica\/4871\/","title":{"rendered":"El inexplicable misterio de este autob\u00fas el\u00e9ctrico: jam\u00e1s ha parado en un punto de recarga, y sigue funcionando"},"content":{"rendered":"<p>La movilidad sostenible se apoya cada vez m\u00e1s sobre recursos p\u00fablicos \u2014como con <a href=\"https:\/\/www.ecoticias.com\/hoyeco\/transporte-publico-gratis-espana\/4735\/\">este truco para tener transporte p\u00fablico gratis<\/a>\u2014. Sin embargo, el problema del combustible sigue siendo patente, aunque quiz\u00e1 haya quien lo ha conseguido resolver de un modo enigm\u00e1tico. Este es el\u00a0<strong>autob\u00fas el\u00e9ctrico<\/strong> que jam\u00e1s ha parado en un punto de recarga, a pesar de seguir funcionando.<\/p>\n<h2>El autob\u00fas el\u00e9ctrico m\u00e1s enigm\u00e1tico: la ciencia explica por qu\u00e9 no se detiene<\/h2>\n<p class=\"mb-3\">Los autobuses el\u00e9ctricos de carga inal\u00e1mbrica representan una innovaci\u00f3n prometedora en el transporte p\u00fablico sostenible. A diferencia de los tradicionales que requieren recargarse en estaciones especiales, estos modelos <strong>se recargan mientras est\u00e1n en movimiento<\/strong>.<\/p>\n<p class=\"mb-3\">\u00bfC\u00f3mo lo hacen? Ya te adelantamos que hab\u00eda misterio, pero no ning\u00fan secreto. Es posible a trav\u00e9s de bobinas electromagn\u00e9ticas instaladas debajo del pavimento. Esta tecnolog\u00eda permite extender la autonom\u00eda del autob\u00fas el\u00e9ctrico sin necesidad de bater\u00edas grandes y costosas.<\/p>\n<p class=\"mb-3\">El autob\u00fas el\u00e9ctrico de carga inal\u00e1mbrica puede recorrer rutas m\u00e1s largas sin interrupciones para recargarse, lo que los hace m\u00e1s eficientes. Adem\u00e1s, el proceso de carga es completamente autom\u00e1tico, sin necesidad de conductores ni estaciones especiales.<\/p>\n<p class=\"mb-3\">La carga inal\u00e1mbrica representa un avance clave para <strong>impulsar la electromovilidad en el transporte p\u00fablico<\/strong>. Reduce costos de infraestructura, aumenta la eficiencia operativa y disminuye las emisiones contaminantes. Varios proyectos alrededor del mundo est\u00e1n explorando y desarrollando esta tecnolog\u00eda.<\/p>\n<h2>La carga inal\u00e1mbrica en autobuses, posible gracias a este mecanismo<\/h2>\n<p class=\"mb-3\">La carga inal\u00e1mbrica para el autob\u00fas el\u00e9ctrico funciona a trav\u00e9s de la transferencia de energ\u00eda por inducci\u00f3n electromagn\u00e9tica. Se basa en la interacci\u00f3n entre dos bobinas de inducci\u00f3n acopladas magn\u00e9ticamente \u2014algo similar a lo que sucede con los trenes de levitaci\u00f3n, de los que te hemos hablado\u2014.<\/p>\n<p class=\"mb-3\">Una bobina emisora situada debajo del suelo genera un campo magn\u00e9tico alterno, que induce una corriente el\u00e9ctrica en la bobina receptora situada en la parte inferior del autob\u00fas. Esta corriente se utiliza para <strong>recargar la bater\u00eda del veh\u00edculo mientras est\u00e1 en movimiento<\/strong>.<\/p>\n<p class=\"mb-3\">El proceso de transferencia de energ\u00eda es autom\u00e1tico y se activa cuando el autob\u00fas el\u00e9ctrico pasa sobre las bobinas emisoras enterradas en ciertos tramos de la ruta. Los autobuses no necesitan conectarse f\u00edsicamente a ning\u00fan cable o pant\u00f3grafo.<\/p>\n<p class=\"mb-3\">La carga es continua y permite extender la autonom\u00eda del veh\u00edculo sin necesidad de parar en una estaci\u00f3n de recarga. Los sistemas de carga inal\u00e1mbrica <strong>pueden proporcionar entre 200-400 kW de potencia<\/strong>, suficiente para recargar las bater\u00edas de los autobuses el\u00e9ctricos urbanos.<\/p>\n<h2 class=\"mb-3\">Un avance prometedor, pero con un desaf\u00edo importante que abordar<\/h2>\n<p class=\"mb-3\">La carga inal\u00e1mbrica en autobuses el\u00e9ctricos es una tecnolog\u00eda prometedora, pero a\u00fan enfrenta algunos desaf\u00edos. Uno de los principales es el alto costo de implementaci\u00f3n. Instalar la infraestructura necesaria en las rutas de autobuses requiere una gran inversi\u00f3n inicial.<\/p>\n<p class=\"mb-3\">Adem\u00e1s, la eficiencia energ\u00e9tica de la carga inal\u00e1mbrica todav\u00eda debe mejorarse. Existe cierta p\u00e9rdida de energ\u00eda durante la transferencia inal\u00e1mbrica, por lo que la carga no es tan eficiente como usar un cable conectado directamente. <strong>Las empresas est\u00e1n trabajando para aumentar la eficiencia<\/strong>, pero sigue siendo un problema.<\/p>\n<p class=\"mb-3\">Otro reto es la estandarizaci\u00f3n, ya que actualmente existen diferentes est\u00e1ndares y cada empresa tiene su propio dise\u00f1o. Para que la carga inal\u00e1mbrica se adopte ampliamente, se necesitar\u00e1 llegar a un est\u00e1ndar com\u00fan, del que esperamos que la Uni\u00f3n Europea sea capaz de generar y aprobar.<\/p>\n<p>Como puedes ver, este\u00a0<strong>autob\u00fas el\u00e9ctrico<\/strong> ha conseguido abrir las puertas a la carga inal\u00e1mbrica, algo que se nos antoja lejano \u2014de ah\u00ed que lo consideremos casi un misterio inexplicable\u2014. Sin embargo, es un hecho que no todo va a pasar siempre por la electricidad o el hidr\u00f3geno, de hecho, estamos a punto de descubrir <a href=\"https:\/\/www.ecoticias.com\/hoyeco\/combustible-renovable-espana\/4695\/\">este combustible nuevo en Espa\u00f1a<\/a>, aunque el mundo lo hiciera antes que nosotros.<\/p>\n","protected":false},"excerpt":{"rendered":"<p>La movilidad sostenible se apoya cada vez m\u00e1s sobre recursos p\u00fablicos \u2014como con este truco para tener transporte p\u00fablico gratis\u2014. &#8230; <\/p>\n<p class=\"read-more-container\"><a title=\"El inexplicable misterio de este autob\u00fas el\u00e9ctrico: jam\u00e1s ha parado en un punto de recarga, y sigue funcionando\" class=\"read-more button\" href=\"https:\/\/www.ecoticias.com\/hoyeco\/autobus-electrico-carga-inalambrica\/4871\/#more-4871\" aria-label=\"Leer m\u00e1s sobre El inexplicable misterio de este autob\u00fas el\u00e9ctrico: jam\u00e1s ha parado en un punto de recarga, y sigue funcionando\">Read more<\/a><\/p>\n","protected":false},"author":2,"featured_media":4897,"comment_status":"closed","ping_status":"closed","sticky":false,"template":"","format":"standard","meta":{"footnotes":""},"categories":[6],"tags":[],"class_list":["post-4871","post","type-post","status-publish","format-standard","has-post-thumbnail","hentry","category-movilidad","resize-featured-image"],"_links":{"self":[{"href":"https:\/\/www.ecoticias.com\/hoyeco\/wp-json\/wp\/v2\/posts\/4871","targetHints":{"allow":["GET"]}}],"collection":[{"href":"https:\/\/www.ecoticias.com\/hoyeco\/wp-json\/wp\/v2\/posts"}],"about":[{"href":"https:\/\/www.ecoticias.com\/hoyeco\/wp-json\/wp\/v2\/types\/post"}],"author":[{"embeddable":true,"href":"https:\/\/www.ecoticias.com\/hoyeco\/wp-json\/wp\/v2\/users\/2"}],"replies":[{"embeddable":true,"href":"https:\/\/www.ecoticias.com\/hoyeco\/wp-json\/wp\/v2\/comments?post=4871"}],"version-history":[{"count":0,"href":"https:\/\/www.ecoticias.com\/hoyeco\/wp-json\/wp\/v2\/posts\/4871\/revisions"}],"wp:featuredmedia":[{"embeddable":true,"href":"https:\/\/www.ecoticias.com\/hoyeco\/wp-json\/wp\/v2\/media\/4897"}],"wp:attachment":[{"href":"https:\/\/www.ecoticias.com\/hoyeco\/wp-json\/wp\/v2\/media?parent=4871"}],"wp:term":[{"taxonomy":"category","embeddable":true,"href":"https:\/\/www.ecoticias.com\/hoyeco\/wp-json\/wp\/v2\/categories?post=4871"},{"taxonomy":"post_tag","embeddable":true,"href":"https:\/\/www.ecoticias.com\/hoyeco\/wp-json\/wp\/v2\/tags?post=4871"}],"curies":[{"name":"wp","href":"https:\/\/api.w.org\/{rel}","templated":true}]}}