{"id":4987,"date":"2024-04-10T16:00:02","date_gmt":"2024-04-10T14:00:02","guid":{"rendered":"https:\/\/www.ecoticias.com\/hoyeco\/?p=4987"},"modified":"2024-04-10T16:00:02","modified_gmt":"2024-04-10T14:00:02","slug":"espana-castilla-y-leon","status":"publish","type":"post","link":"https:\/\/www.ecoticias.com\/hoyeco\/espana-castilla-y-leon\/4987\/","title":{"rendered":"Espa\u00f1a tendr\u00e1 una nueva comunidad aut\u00f3noma: una reivindicaci\u00f3n hist\u00f3rica y una triste separaci\u00f3n"},"content":{"rendered":"<p>Imag\u00ednate, por un momento, que\u00a0<strong>Espa\u00f1a<\/strong> tuviera una nueva comunidad aut\u00f3noma. \u00bfVolver\u00edamos a aprendernos los mapas pol\u00edticos para acostumbrarnos al cambio? Esto es lo que suceder\u00e1 de manera casi inminente en una regi\u00f3n que bien conoces \u2014quiz\u00e1 incluso vives en ella\u2014. Por suerte, es solo una medida algo pol\u00e9mica, las hay peores: esta es la <a href=\"https:\/\/www.ecoticias.com\/hoyeco\/zona-de-espana-subida-de-mar\/4722\/\">primera zona de nuestro pa\u00eds afectada por la subida del nivel del mar<\/a>.<\/p>\n<h2>Una ciudad que quiere recuperar su pasado como reino: est\u00e1 en Espa\u00f1a<\/h2>\n<p class=\"mb-3 last:mb-0\">Le\u00f3n es una provincia situada en el noroeste de Espa\u00f1a que hist\u00f3ricamente fue el centro del antiguo Reino de Le\u00f3n. <strong>Este reino medieval tuvo su esplendor durante los siglos X-XIII<\/strong>, cuando abarcaba la mayor parte del noroeste de la pen\u00ednsula.<\/p>\n<p class=\"mb-3 last:mb-0\">Sin embargo, en 1230 el rey leon\u00e9s Alfonso IX falleci\u00f3 sin descendencia masculina, por lo que su hija Berenguela cedi\u00f3 el reino a su hijo Fernando III, rey de Castilla. De esta forma, ambos reinos se unieron din\u00e1sticamente bajo Fernando III, aunque mantuvieron instituciones separadas.<\/p>\n<p class=\"mb-3 last:mb-0\">La uni\u00f3n din\u00e1stica de Le\u00f3n y Castilla sent\u00f3 las bases para la consolidaci\u00f3n de la Corona de Castilla, que con el tiempo acabar\u00eda <strong>absorbiendo institucionalmente al Reino de Le\u00f3n<\/strong>. Aunque inicialmente Le\u00f3n mantuvo sus propias cortes e identidad, gradualmente fue perdiendo peso pol\u00edtico frente a Castilla.<\/p>\n<p class=\"mb-3 last:mb-0\">Esta p\u00e9rdida de autonom\u00eda de Le\u00f3n respecto a Castilla es el origen hist\u00f3rico de las reivindicaciones leonesistas actuales, que piden recuperar esa identidad propia leonesa diferenciada de Castilla. \u00bfQu\u00e9 pasar\u00eda si quisieran volver a lo que un d\u00eda fue su plena autonom\u00eda? Es precisamente lo que vamos a explicarte hoy.<\/p>\n<h2>El sentimiento leonesista, presente en la Espa\u00f1a del siglo XXI<\/h2>\n<p class=\"mb-3 last:mb-0\">El sentimiento leonesista tiene sus ra\u00edces en la Edad Media, cuando el antiguo Reino de Le\u00f3n conformaba una entidad pol\u00edtica independiente. Sin embargo, el leonesismo moderno surge en la d\u00e9cada de 1990 como una reivindicaci\u00f3n de la identidad leonesa diferenciada de Castilla.<\/p>\n<p class=\"mb-3 last:mb-0\">Varios factores propiciaron el resurgimiento del leonesismo en ese periodo. Por un lado, la creaci\u00f3n del primer Estatuto de Autonom\u00eda de Castilla y Le\u00f3n en 1983 hab\u00eda \u00abagrupado\u00bb <strong>territorios con identidades hist\u00f3ricas y culturales distintas<\/strong>.<\/p>\n<p class=\"mb-3 last:mb-0\">Por otro, la percepci\u00f3n de que Le\u00f3n quedaba relegado frente a otras provincias en las inversiones y en la representaci\u00f3n pol\u00edtica dentro de la comunidad aut\u00f3noma. Asociaciones culturales como Conceyu Xoven y partidos pol\u00edticos como Unidad Regionalista canalizaron ese descontento.<\/p>\n<p class=\"mb-3 last:mb-0\">En este sentido, reivindicaron <strong>una mayor autonom\u00eda e identidad propia para Le\u00f3n<\/strong>. Desde entonces, el leonesismo se ha mantenido vivo en la regi\u00f3n, con altibajos en su intensidad, pero con una aspiraci\u00f3n constante a conseguir el reconocimiento como comunidad aut\u00f3noma independiente.<\/p>\n<h2>\u00bfHacia una nueva comunidad aut\u00f3noma? Atenci\u00f3n a las reivindicaciones pol\u00edticas<\/h2>\n<p class=\"mb-3 last:mb-0\">Una de las principales reivindicaciones pol\u00edticas del leonesismo tiene que ver con la percepci\u00f3n de agravios comparativos de Le\u00f3n dentro de la Comunidad de Castilla y Le\u00f3n. Los leonesistas consideran que la actual comunidad aut\u00f3noma beneficia especialmente a la provincia de Burgos.<\/p>\n<p class=\"mb-3 last:mb-0\">Por el contrario, creen que <strong>Le\u00f3n sale perjudicada en inversiones e infraestructuras<\/strong>. Se quejan de que Le\u00f3n aporta una gran extensi\u00f3n del territorio de Castilla y Le\u00f3n pero no recibe una financiaci\u00f3n y proyectos acordes a su extensi\u00f3n y poblaci\u00f3n.<\/p>\n<p class=\"mb-3 last:mb-0\">Critican tambi\u00e9n que una de las principales ciudades de la comunidad, Valladolid, se encuentra demasiado alejada de Le\u00f3n y centrada en los intereses de las provincias del este. Reclaman m\u00e1s descentralizaci\u00f3n del poder en Castilla y Le\u00f3n o la creaci\u00f3n de una comunidad aut\u00f3noma propia donde Le\u00f3n pueda autogobernarse.<\/p>\n<p>Llegados a este punto, no podemos hacer m\u00e1s que sorpredernos por la decisi\u00f3n que miles de personas quieren tomar en\u00a0<strong>Castilla y Le\u00f3n<\/strong>. L\u00f3gicamente, mantenemos un enfoque period\u00edstico, imparcial y objetivo, como cabr\u00eda esperar de nosotros. Eso s\u00ed, hay otras noticias que nos tienen alarmados, como <a href=\"https:\/\/www.ecoticias.com\/hoyeco\/erupcion-volcanica-espana-alerta\/4736\/\">estas regiones de\u00a0<strong>Espa\u00f1a<\/strong> que est\u00e1n en alerta por erupci\u00f3n volc\u00e1nica<\/a>. \u00bfEstamos ante un riesgo inminente?<\/p>\n","protected":false},"excerpt":{"rendered":"<p>Imag\u00ednate, por un momento, que\u00a0Espa\u00f1a tuviera una nueva comunidad aut\u00f3noma. \u00bfVolver\u00edamos a aprendernos los mapas pol\u00edticos para acostumbrarnos al cambio? &#8230; <\/p>\n<p class=\"read-more-container\"><a title=\"Espa\u00f1a tendr\u00e1 una nueva comunidad aut\u00f3noma: una reivindicaci\u00f3n hist\u00f3rica y una triste separaci\u00f3n\" class=\"read-more button\" href=\"https:\/\/www.ecoticias.com\/hoyeco\/espana-castilla-y-leon\/4987\/#more-4987\" aria-label=\"Leer m\u00e1s sobre Espa\u00f1a tendr\u00e1 una nueva comunidad aut\u00f3noma: una reivindicaci\u00f3n hist\u00f3rica y una triste separaci\u00f3n\">Read more<\/a><\/p>\n","protected":false},"author":2,"featured_media":5010,"comment_status":"closed","ping_status":"closed","sticky":false,"template":"","format":"standard","meta":{"footnotes":""},"categories":[2],"tags":[],"class_list":["post-4987","post","type-post","status-publish","format-standard","has-post-thumbnail","hentry","category-actualidad","resize-featured-image"],"_links":{"self":[{"href":"https:\/\/www.ecoticias.com\/hoyeco\/wp-json\/wp\/v2\/posts\/4987","targetHints":{"allow":["GET"]}}],"collection":[{"href":"https:\/\/www.ecoticias.com\/hoyeco\/wp-json\/wp\/v2\/posts"}],"about":[{"href":"https:\/\/www.ecoticias.com\/hoyeco\/wp-json\/wp\/v2\/types\/post"}],"author":[{"embeddable":true,"href":"https:\/\/www.ecoticias.com\/hoyeco\/wp-json\/wp\/v2\/users\/2"}],"replies":[{"embeddable":true,"href":"https:\/\/www.ecoticias.com\/hoyeco\/wp-json\/wp\/v2\/comments?post=4987"}],"version-history":[{"count":0,"href":"https:\/\/www.ecoticias.com\/hoyeco\/wp-json\/wp\/v2\/posts\/4987\/revisions"}],"wp:featuredmedia":[{"embeddable":true,"href":"https:\/\/www.ecoticias.com\/hoyeco\/wp-json\/wp\/v2\/media\/5010"}],"wp:attachment":[{"href":"https:\/\/www.ecoticias.com\/hoyeco\/wp-json\/wp\/v2\/media?parent=4987"}],"wp:term":[{"taxonomy":"category","embeddable":true,"href":"https:\/\/www.ecoticias.com\/hoyeco\/wp-json\/wp\/v2\/categories?post=4987"},{"taxonomy":"post_tag","embeddable":true,"href":"https:\/\/www.ecoticias.com\/hoyeco\/wp-json\/wp\/v2\/tags?post=4987"}],"curies":[{"name":"wp","href":"https:\/\/api.w.org\/{rel}","templated":true}]}}