{"id":5148,"date":"2024-04-15T14:30:25","date_gmt":"2024-04-15T12:30:25","guid":{"rendered":"https:\/\/www.ecoticias.com\/hoyeco\/?p=5148"},"modified":"2024-04-15T14:30:25","modified_gmt":"2024-04-15T12:30:25","slug":"calima-espana-nuevo-fenomeno","status":"publish","type":"post","link":"https:\/\/www.ecoticias.com\/hoyeco\/calima-espana-nuevo-fenomeno\/5148\/","title":{"rendered":"Nuevo y peligroso fen\u00f3meno meteorol\u00f3gico en Espa\u00f1a: aire asfixiante y cielos te\u00f1idos de rojo"},"content":{"rendered":"<p>El cambio clim\u00e1tico es cada vez m\u00e1s evidente, incluso para quienes hasta ahora se han esforzado por negarlo. La semana pasada conocimos <a href=\"https:\/\/www.ecoticias.com\/hoyeco\/union-europea-amenaza-extrema\/5030\/\">la amenaza extrema que preocupa a la Uni\u00f3n Europea<\/a>, y ahora nos llevamos otra sorpresa desagradable. Este es el fen\u00f3meno meteorol\u00f3gico que aterroriza a <strong>Espa\u00f1a<\/strong>, con aire asfixiante y cielos te\u00f1idos de rojo, que cada vez est\u00e1 m\u00e1s cerca.<\/p>\n<h2>Un nuevo fen\u00f3meno meteorol\u00f3gico en Espa\u00f1a: un peligro para la salud p\u00fablica<\/h2>\n<p class=\"mb-3 last:mb-0\">La calima es un fen\u00f3meno meteorol\u00f3gico que consiste en la presencia de polvo y arena en suspensi\u00f3n en la atm\u00f3sfera, lo que provoca una bruma seca y rojiza que dificulta la visibilidad. Se origina por la llegada de masas de aire cargadas de part\u00edculas de polvo <strong>procedentes del desierto del Sahara en \u00c1frica<\/strong>.<\/p>\n<p class=\"mb-3 last:mb-0\">En los \u00faltimos a\u00f1os, los episodios de calima est\u00e1n aumentando en frecuencia e intensidad en Espa\u00f1a. Esto se debe principalmente al calentamiento global, que est\u00e1 provocando un incremento de las temperaturas y la aridez en el norte de \u00c1frica.<\/p>\n<p class=\"mb-3 last:mb-0\">El calor extremo seca el terreno y facilita la erosi\u00f3n, <strong>levantando grandes cantidades de polvo hacia la atm\u00f3sfera<\/strong>. Adem\u00e1s, los vientos procedentes del sur se han vuelto m\u00e1s frecuentes, transportando ese polvo sahariano hacia la pen\u00ednsula ib\u00e9rica. \u00bfEntiendes por qu\u00e9 es motivo para la preocupaci\u00f3n?<\/p>\n<h2>El peligro para tu salud: un enemigo invisible que viene del aire<\/h2>\n<p class=\"mb-3 last:mb-0\">La calima puede tener graves efectos en la salud, especialmente para personas con problemas respiratorios o alergias. El polvo en suspensi\u00f3n irrita las v\u00edas respiratorias y puede provocar crisis de asma y otros problemas pulmonares, no hay m\u00e1s que ver <strong>las salas de urgencias cuando hay episodios graves en Canarias<\/strong>.<\/p>\n<p class=\"mb-3 last:mb-0\">Las part\u00edculas de polvo transportadas por la calima son muy peque\u00f1as y pueden penetrar profundamente en los pulmones, provocando inflamaci\u00f3n e irritaci\u00f3n. Esto produce tos, dificultad para respirar, sibilancias y opresi\u00f3n en el pecho, entre otras consecuencias m\u00e1s graves.<\/p>\n<p class=\"mb-3 last:mb-0\">Las personas con enfermedades respiratorias como el asma o la EPOC sufren un agravamiento de sus s\u00edntomas cuando se producen episodios de calima. El polvo en suspensi\u00f3n act\u00faa como desencadenante de crisis asm\u00e1ticas, <strong>que en algunos casos requieren hospitalizaci\u00f3n<\/strong>.<\/p>\n<p class=\"mb-3 last:mb-0\">Tambi\u00e9n las personas al\u00e9rgicas, tanto a \u00e1caros como a p\u00f3lenes, ven agravados sus s\u00edntomas ante la presencia de part\u00edculas de polvo sahariano. Los ojos llorosos, la congesti\u00f3n nasal y los estornudos son comunes durante estos fen\u00f3menos, as\u00ed que ten cuidado e hidr\u00e1tate si los percibes.<\/p>\n<h2>Un vistazo a los \u00faltimos episodios de calima en Espa\u00f1a: graves y duraderos<\/h2>\n<p class=\"mb-3 last:mb-0\">Los episodios de calima se han vuelto cada vez m\u00e1s frecuentes en los \u00faltimos a\u00f1os, afectando a gran parte de la pen\u00ednsula Ib\u00e9rica. Como te imaginar\u00e1s, tambi\u00e9n se han cebado con las islas Canarias, aunque nos permitimos obviarla en cierto modo porque all\u00e1 son m\u00e1s comunes:<\/p>\n<ul>\n<li>\n<p class=\"mb-3 last:mb-0\">En <strong>febrero de 2022<\/strong> se produjo un fuerte episodio de calima que afect\u00f3 principalmente a Canarias, Baleares, el sureste y el este peninsular.<\/p>\n<\/li>\n<li>\n<p class=\"mb-3 last:mb-0\">En <strong>marzo de 2022<\/strong>, una intensa calima procedente del S\u00e1hara cubri\u00f3 de polvo gran parte de Espa\u00f1a durante varios d\u00edas. Fue especialmente notable en Madrid, Castilla-La Mancha, Arag\u00f3n y Catalu\u00f1a.<\/p>\n<\/li>\n<li>\n<p class=\"mb-3 last:mb-0\">En <strong>mayo de 2022<\/strong> hubo un episodio de calima que afect\u00f3 sobre todo a Andaluc\u00eda y Murcia, con niveles altos de part\u00edculas en suspensi\u00f3n.<\/p>\n<\/li>\n<li>\n<p class=\"mb-3 last:mb-0\">En los <strong>\u00faltimos a\u00f1os<\/strong> se han registrado episodios de calima pr\u00e1cticamente cada a\u00f1o, con diferentes grados de intensidad y extensi\u00f3n geogr\u00e1fica. Suelen producirse m\u00e1s frecuentemente en primavera y verano.<\/p>\n<\/li>\n<\/ul>\n<p>Como has visto, la\u00a0<strong>calima en Espa\u00f1a<\/strong> ser\u00e1 cada vez m\u00e1s probable e intensa, con situaciones que en varias zonas del pa\u00eds, como en las islas Canarias, son comunes. En el archipi\u00e9lago todav\u00eda recuerdan el episodio extremo de febrero de 2020 (s\u00ed, un mes antes del covid) y el de enero de 2022. Mientras tanto, estas son las <a href=\"https:\/\/www.ecoticias.com\/hoyeco\/zona-de-espana-subida-de-mar\/4722\/\">primeras regiones afectadas por la subida en el nivel del mar<\/a>.<\/p>\n","protected":false},"excerpt":{"rendered":"<p>El cambio clim\u00e1tico es cada vez m\u00e1s evidente, incluso para quienes hasta ahora se han esforzado por negarlo. La semana &#8230; <\/p>\n<p class=\"read-more-container\"><a title=\"Nuevo y peligroso fen\u00f3meno meteorol\u00f3gico en Espa\u00f1a: aire asfixiante y cielos te\u00f1idos de rojo\" class=\"read-more button\" href=\"https:\/\/www.ecoticias.com\/hoyeco\/calima-espana-nuevo-fenomeno\/5148\/#more-5148\" aria-label=\"Leer m\u00e1s sobre Nuevo y peligroso fen\u00f3meno meteorol\u00f3gico en Espa\u00f1a: aire asfixiante y cielos te\u00f1idos de rojo\">Read more<\/a><\/p>\n","protected":false},"author":2,"featured_media":5172,"comment_status":"closed","ping_status":"closed","sticky":false,"template":"","format":"standard","meta":{"footnotes":""},"categories":[2],"tags":[],"class_list":["post-5148","post","type-post","status-publish","format-standard","has-post-thumbnail","hentry","category-actualidad","resize-featured-image"],"_links":{"self":[{"href":"https:\/\/www.ecoticias.com\/hoyeco\/wp-json\/wp\/v2\/posts\/5148","targetHints":{"allow":["GET"]}}],"collection":[{"href":"https:\/\/www.ecoticias.com\/hoyeco\/wp-json\/wp\/v2\/posts"}],"about":[{"href":"https:\/\/www.ecoticias.com\/hoyeco\/wp-json\/wp\/v2\/types\/post"}],"author":[{"embeddable":true,"href":"https:\/\/www.ecoticias.com\/hoyeco\/wp-json\/wp\/v2\/users\/2"}],"replies":[{"embeddable":true,"href":"https:\/\/www.ecoticias.com\/hoyeco\/wp-json\/wp\/v2\/comments?post=5148"}],"version-history":[{"count":0,"href":"https:\/\/www.ecoticias.com\/hoyeco\/wp-json\/wp\/v2\/posts\/5148\/revisions"}],"wp:featuredmedia":[{"embeddable":true,"href":"https:\/\/www.ecoticias.com\/hoyeco\/wp-json\/wp\/v2\/media\/5172"}],"wp:attachment":[{"href":"https:\/\/www.ecoticias.com\/hoyeco\/wp-json\/wp\/v2\/media?parent=5148"}],"wp:term":[{"taxonomy":"category","embeddable":true,"href":"https:\/\/www.ecoticias.com\/hoyeco\/wp-json\/wp\/v2\/categories?post=5148"},{"taxonomy":"post_tag","embeddable":true,"href":"https:\/\/www.ecoticias.com\/hoyeco\/wp-json\/wp\/v2\/tags?post=5148"}],"curies":[{"name":"wp","href":"https:\/\/api.w.org\/{rel}","templated":true}]}}