{"id":527,"date":"2023-12-30T12:30:24","date_gmt":"2023-12-30T11:30:24","guid":{"rendered":"https:\/\/ecoticias.com\/hoyeco\/?p=527"},"modified":"2023-12-30T12:30:24","modified_gmt":"2023-12-30T11:30:24","slug":"tesla-cybertruck-opiniones","status":"publish","type":"post","link":"https:\/\/www.ecoticias.com\/hoyeco\/tesla-cybertruck-opiniones\/527\/","title":{"rendered":"Tesla Cybertruck: el legendario dise\u00f1ador de coches rompe el silencio sobre Elon Musk y su Cybertruck"},"content":{"rendered":"<p>\u00bfRecuerdas cuando Elon Musk present\u00f3, en otra de sus conocidas extravagancias, el\u00a0<strong>Tesla Cybertruck<\/strong>? El curioso e incomprensible forma caus\u00f3 una estupefacci\u00f3n que conocemos bien, pero lo cierto es que ahora ha vuelto a salir a la palestra. \u00bfLa raz\u00f3n? Un reconocid\u00edsimo dise\u00f1ador ha hablado de una manera muy clara sobre qu\u00e9 le parece, y no ha dejado a nadie indiferente.<\/p>\n<h2>Tesla afronta un 2024 con proyectos m\u00e1s ambiciosos que nunca<\/h2>\n<p>Tesla se embarca en el 2024 con una agenda cargada de proyectos, entre los cuales destaca el esperado <strong>Tesla Model 2<\/strong>, tambi\u00e9n conocido como el \u00abTesla barato\u00bb. Este a\u00f1o ser\u00e1 crucial para la marca de coches el\u00e9ctricos liderada por Elon Musk, ya que enfrenta una nueva realidad.<\/p>\n<p>Te interesar\u00e1 saber que est\u00e1n preocupados por la creciente competencia en el mercado de veh\u00edculos el\u00e9ctricos en t\u00e9rminos de oferta y precio. Adem\u00e1s de los <strong>lanzamientos esperados del Cybertruck y el Roadster<\/strong>, Tesla se enfrenta al desaf\u00edo de renovar sus modelos comerciales clave, el Model 3 y el Model Y.<\/p>\n<p>La agencia brit\u00e1nica se\u00f1ala que la renovaci\u00f3n del Model Y, bajo el &#8216;Proyecto Juniper&#8217;, no solo implicar\u00e1 cambios est\u00e9ticos externos sino tambi\u00e9n mejoras internas, consolidando as\u00ed la presencia de Tesla en un mercado cada vez m\u00e1s competitivo.<\/p>\n<p>El 2024 no solo marcar\u00e1 el debut del Tesla Model 2, sino que tambi\u00e9n pondr\u00e1 a prueba la capacidad de Tesla para mantener su liderazgo en un mercado que ha evolucionado considerablemente desde sus primeros d\u00edas. La competencia en el sector de los veh\u00edculos el\u00e9ctricos ha aumentado.<\/p>\n<p>Cuando decimos que ahora hay m\u00e1s marcas que quieren liderar, nos referimos tanto en t\u00e9rminos de cantidad de ofertas como en la variedad de precios. Aunque <strong>Tesla ha sido pionera en este segmento<\/strong>, la realidad es que ahora debe enfrentarse a la presi\u00f3n de una industria en constante cambio.<\/p>\n<h2>\u00bfCu\u00e1l es la pol\u00e9mica detr\u00e1s del Tesla Cybertruck? La ley no autoriz\u00f3 su dise\u00f1o<\/h2>\n<p>En 2020, el <strong>Tesla Cybertruck<\/strong> se vio obligado a someterse a modificaciones de dise\u00f1o para cumplir con las regulaciones y avanzar hacia la producci\u00f3n. La ley estadounidense exigi\u00f3 ajustes, como la inclusi\u00f3n y la extra\u00f1a forma de los retrovisores.<\/p>\n<p>\u00bfSabes cu\u00e1l fue la raz\u00f3n? Simplemente,que el sistema de proyecci\u00f3n de la parte posterior en una pantalla central no cumpl\u00eda con los est\u00e1ndares. Otro punto de discordia fue el volante, que imitaba los dise\u00f1os de la F\u00f3rmula 1 y tuvo que cambiarse a uno circular para la homologaci\u00f3n.<\/p>\n<p>Este episodio destaca la complejidad de llevar un concept car a la producci\u00f3n y las tensiones entre la visi\u00f3n creativa y las normativas legales, especialmente en el mercado automotriz estadounidense. <strong>La historia del Cybertruck<\/strong> demuestra que, cuando innovamos, tenemos que estar dispuestos a enfrentarnos a las convenciones.<\/p>\n<h2>El dise\u00f1ador de coches m\u00e1s reconocido rompe su silencio y usa estas cinco palabras<\/h2>\n<p>Giorgetto Giugiaro, el genio detr\u00e1s de creaciones como el Mini del siglo XXI y los McLaren actuales, ha roto su silencio para compartir su visi\u00f3n del <strong>Tesla Cybertruck<\/strong>. En una entrevista con La Repubblica, Giugiaro elogi\u00f3 el dise\u00f1o atrevido del Cybertruck, compar\u00e1ndolo con la revoluci\u00f3n art\u00edstica de Picasso.<\/p>\n<p>Para \u00e9l, este veh\u00edculo representa la valent\u00eda y la descomposici\u00f3n de la realidad, distanci\u00e1ndose de la b\u00fasqueda tradicional de armon\u00eda y perfecci\u00f3n en el dise\u00f1o automotriz. Giugiaro predice que este modelo podr\u00eda convertirse en un \u00e9xito debido a su capacidad para destacar y evocar emociones y robustez.<\/p>\n<p>Su comparaci\u00f3n con Picasso sugiere que la innovaci\u00f3n y la audacia en el dise\u00f1o pueden superar las convenciones establecidas, proporcionando a Tesla un lugar destacado en la evoluci\u00f3n del mercado automotriz. Est\u00e1 claro que no ha quedado del todo contento con el dise\u00f1o, \u00bflo ves?<\/p>\n<p>Est\u00e1 claro que nunca llueve a gusto de todos, y solo basta con ver el Citro<em>\u00eb<\/em>n Ami para comprobarlo. Los veh\u00edculos tienen cada vez formas m\u00e1s contempor\u00e9nas que nos permiten vislumbrar el futuro de nuestras carreteras. Sin embargo, lo del\u00a0<strong>Tesla Cybertruck<\/strong> ha sido pasarse de frenada varias d\u00e9cadas. \u00bfEstamos ante el modelo que marcar\u00e1 un antes y un despu\u00e9s est\u00e9tico? Todav\u00eda no lo sabemos, pero pinta a que s\u00ed.<\/p>\n<p>&nbsp;<\/p>\n","protected":false},"excerpt":{"rendered":"<p>\u00bfRecuerdas cuando Elon Musk present\u00f3, en otra de sus conocidas extravagancias, el\u00a0Tesla Cybertruck? El curioso e incomprensible forma caus\u00f3 una &#8230; <\/p>\n<p class=\"read-more-container\"><a title=\"Tesla Cybertruck: el legendario dise\u00f1ador de coches rompe el silencio sobre Elon Musk y su Cybertruck\" class=\"read-more button\" href=\"https:\/\/www.ecoticias.com\/hoyeco\/tesla-cybertruck-opiniones\/527\/#more-527\" aria-label=\"Leer m\u00e1s sobre Tesla Cybertruck: el legendario dise\u00f1ador de coches rompe el silencio sobre Elon Musk y su Cybertruck\">Read more<\/a><\/p>\n","protected":false},"author":2,"featured_media":529,"comment_status":"closed","ping_status":"closed","sticky":false,"template":"","format":"standard","meta":{"footnotes":""},"categories":[6],"tags":[],"class_list":["post-527","post","type-post","status-publish","format-standard","has-post-thumbnail","hentry","category-movilidad","resize-featured-image"],"_links":{"self":[{"href":"https:\/\/www.ecoticias.com\/hoyeco\/wp-json\/wp\/v2\/posts\/527","targetHints":{"allow":["GET"]}}],"collection":[{"href":"https:\/\/www.ecoticias.com\/hoyeco\/wp-json\/wp\/v2\/posts"}],"about":[{"href":"https:\/\/www.ecoticias.com\/hoyeco\/wp-json\/wp\/v2\/types\/post"}],"author":[{"embeddable":true,"href":"https:\/\/www.ecoticias.com\/hoyeco\/wp-json\/wp\/v2\/users\/2"}],"replies":[{"embeddable":true,"href":"https:\/\/www.ecoticias.com\/hoyeco\/wp-json\/wp\/v2\/comments?post=527"}],"version-history":[{"count":0,"href":"https:\/\/www.ecoticias.com\/hoyeco\/wp-json\/wp\/v2\/posts\/527\/revisions"}],"wp:featuredmedia":[{"embeddable":true,"href":"https:\/\/www.ecoticias.com\/hoyeco\/wp-json\/wp\/v2\/media\/529"}],"wp:attachment":[{"href":"https:\/\/www.ecoticias.com\/hoyeco\/wp-json\/wp\/v2\/media?parent=527"}],"wp:term":[{"taxonomy":"category","embeddable":true,"href":"https:\/\/www.ecoticias.com\/hoyeco\/wp-json\/wp\/v2\/categories?post=527"},{"taxonomy":"post_tag","embeddable":true,"href":"https:\/\/www.ecoticias.com\/hoyeco\/wp-json\/wp\/v2\/tags?post=527"}],"curies":[{"name":"wp","href":"https:\/\/api.w.org\/{rel}","templated":true}]}}