{"id":5678,"date":"2024-04-29T16:00:50","date_gmt":"2024-04-29T14:00:50","guid":{"rendered":"https:\/\/www.ecoticias.com\/hoyeco\/?p=5678"},"modified":"2024-04-29T16:00:50","modified_gmt":"2024-04-29T14:00:50","slug":"nuevo-triangulo-enigmatica-zona","status":"publish","type":"post","link":"https:\/\/www.ecoticias.com\/hoyeco\/nuevo-triangulo-enigmatica-zona\/5678\/","title":{"rendered":"El nuevo tri\u00e1ngulo de las Bermudas est\u00e1 en Espa\u00f1a: la enigm\u00e1tica zona que tiene al mundo en vilo"},"content":{"rendered":"<p>Casi todos hemos o\u00eddo hablar alguna vez sobre el <strong>tri\u00e1ngulo de las Bermudas<\/strong>, el cual es conocido por desapariciones <strong><u><a href=\"https:\/\/www.ecoticias.com\/hoyeco\/ave-medio-de-transporte\/4908\/\">misteriosas<\/a><\/u><\/strong> de barcos y aviones. As\u00ed como de avistamientos extra\u00f1os en los radares. Sin embargo, este no es el \u00fanico, puesto que existen doce m\u00e1s repartidos por toda la tierra. Aqu\u00ed te hablaremos un poco del que se ubica en el mar de Albor\u00e1n, cercano a Espa\u00f1a.<\/p>\n<h2>El nuevo tri\u00e1ngulo andaluz: un enigma espa\u00f1ol<\/h2>\n<p>Este tri\u00e1ngulo se encuentra en una regi\u00f3n del mar Mediterr\u00e1neo o mar de Albor\u00e1n. Concretamente desde el Cabo de Gata hasta el Estrecho de Gibraltar. En esta zona, en el transcurso del siglo XX, han ocurrido una serie de avistamientos de objetos no identificadas en los radares y desapariciones de naves de todo tipo.<\/p>\n<p>Todas estas anomal\u00edas est\u00e1n rodeadas de un <strong>gran misterio<\/strong>, sobre todo las desapariciones porque han pasado sin dejar pistas. Solo se consiguen unos cuantos objetos flotando en el mar y hasta algunos cad\u00e1veres, aunque no se hallan los de toda la tripulaci\u00f3n.<\/p>\n<h2>Las desapariciones m\u00e1s emblem\u00e1ticas en el tri\u00e1ngulo espa\u00f1ol<\/h2>\n<p>Este se dio a conocer como una zona peligrosa para la navegaci\u00f3n, a partir de 1966 con el llamado incidente de Palomares. Frente a la costa de Almer\u00eda chocaron dos aviones norteamericanos. Luego, un 14 de mayo del a\u00f1o 1969, desapareci\u00f3 un avi\u00f3n del ej\u00e9rcito espa\u00f1ol con ocho tripulantes de los cuales solo uno apareci\u00f3 junto a dos cad\u00e1veres.<\/p>\n<p>En las declaraciones dadas por el sobreviviente y pescadores testigos del accidente, dicen que el avi\u00f3n volaba muy bajo y una de sus alas choco contra el mar. Sin embargo, el superviviente tambi\u00e9n dice que seg\u00fan los instrumentos estaban a una buena altura sobre el mar. Entonces cabe preguntarse \u00bferror humano, de los instrumentos u otra cosa?<\/p>\n<p><strong>Una nota curiosa <\/strong>es\u00a0que el comandante del vuelo deb\u00eda ser el Capit\u00e1n de Aviaci\u00f3n Gonz\u00e1lez quien no subi\u00f3 por razones no especificadas. Pero dos meses despu\u00e9s, desapareci\u00f3 mientras sobrevolaba el tri\u00e1ngulo en un avi\u00f3n similar.<\/p>\n<p>La tragedia se repite el 1 de julio de 1969 cuando un avi\u00f3n que pertenec\u00eda a las fuerzas A\u00e9reas realizaba una misi\u00f3n secreta. Aproximadamente a las 12 del mediod\u00eda anunci\u00f3 que regresaba a la base siendo su \u00faltima comunicaci\u00f3n. En las labores de b\u00fasqueda y rescate solo encontraron, flotando en el mar, algunos objetos de la carga y piezas del avi\u00f3n. Ni cad\u00e1veres ni sobrevivientes.<\/p>\n<p>Igualmente, ha habido otras desapariciones asociadas a naves mar\u00edtimas, la mayor\u00eda de ellas embarcaciones de recreo. Las cuales no han recibido mucha publicidad.<\/p>\n<h2>Eventos m\u00e1s recientes en el tri\u00e1ngulo de las Bermudas de Espa\u00f1a<\/h2>\n<p>El 15 de diciembre de 1989, desaparece en el tri\u00e1ngulo un helic\u00f3ptero perteneciente al Servicio de Vigilancia Aduanera. El mismo despego del aeropuerto de Almer\u00eda. Despu\u00e9s de cuatro horas, se dio la alarma y se activaron los dispositivos de b\u00fasqueda. La misma dio como resultado el rescate del cad\u00e1ver del copiloto.<\/p>\n<p>Pero del piloto y el aparato nunca se supo nada. A pesar de que la b\u00fasqueda continuo por dos semanas con expertos buceadores y nav\u00edos especializados, en las profundidades de la zona, que siguen siendo inexplorables en cierto modo (aunque no en su totalidad, est\u00e1 claro).<\/p>\n<p>Por otra parte, se han visto objetos apareciendo <strong>en los radares<\/strong>. Como, por ejemplo, en el submarino \u201cTonino\u201d en 1980 y en los patrulleros \u201cLazaga\u201d y \u201cCadarso\u201d esto en 1983. Estas im\u00e1genes aparecen y desaparecen, incluso, en el primero de los patrulleros estaba en curso de colisi\u00f3n, pero en el \u00faltimo momento dejo de ser vista. Dejando a todos asombrados.<\/p>\n<p>Una explicaci\u00f3n que se ha dado modernamente a las desapariciones, son los yacimientos de <strong><u><a href=\"https:\/\/www.ecoticias.com\/hoyeco\/planta-de-biometano-revolucion\/4314\/\">hidrato de metano<\/a><\/u><\/strong>, muy frecuentes en la zona. Cuya condensaci\u00f3n forma burbujas que alcanzan a los aviones y barcos, haciendo que pierdan sustentabilidad. \u00bfT\u00fa qu\u00e9 opinas?<\/p>\n","protected":false},"excerpt":{"rendered":"<p>Casi todos hemos o\u00eddo hablar alguna vez sobre el tri\u00e1ngulo de las Bermudas, el cual es conocido por desapariciones misteriosas &#8230; <\/p>\n<p class=\"read-more-container\"><a title=\"El nuevo tri\u00e1ngulo de las Bermudas est\u00e1 en Espa\u00f1a: la enigm\u00e1tica zona que tiene al mundo en vilo\" class=\"read-more button\" href=\"https:\/\/www.ecoticias.com\/hoyeco\/nuevo-triangulo-enigmatica-zona\/5678\/#more-5678\" aria-label=\"Leer m\u00e1s sobre El nuevo tri\u00e1ngulo de las Bermudas est\u00e1 en Espa\u00f1a: la enigm\u00e1tica zona que tiene al mundo en vilo\">Read more<\/a><\/p>\n","protected":false},"author":6,"featured_media":5764,"comment_status":"closed","ping_status":"closed","sticky":false,"template":"","format":"standard","meta":{"footnotes":""},"categories":[2],"tags":[],"class_list":["post-5678","post","type-post","status-publish","format-standard","has-post-thumbnail","hentry","category-actualidad","resize-featured-image"],"_links":{"self":[{"href":"https:\/\/www.ecoticias.com\/hoyeco\/wp-json\/wp\/v2\/posts\/5678","targetHints":{"allow":["GET"]}}],"collection":[{"href":"https:\/\/www.ecoticias.com\/hoyeco\/wp-json\/wp\/v2\/posts"}],"about":[{"href":"https:\/\/www.ecoticias.com\/hoyeco\/wp-json\/wp\/v2\/types\/post"}],"author":[{"embeddable":true,"href":"https:\/\/www.ecoticias.com\/hoyeco\/wp-json\/wp\/v2\/users\/6"}],"replies":[{"embeddable":true,"href":"https:\/\/www.ecoticias.com\/hoyeco\/wp-json\/wp\/v2\/comments?post=5678"}],"version-history":[{"count":0,"href":"https:\/\/www.ecoticias.com\/hoyeco\/wp-json\/wp\/v2\/posts\/5678\/revisions"}],"wp:featuredmedia":[{"embeddable":true,"href":"https:\/\/www.ecoticias.com\/hoyeco\/wp-json\/wp\/v2\/media\/5764"}],"wp:attachment":[{"href":"https:\/\/www.ecoticias.com\/hoyeco\/wp-json\/wp\/v2\/media?parent=5678"}],"wp:term":[{"taxonomy":"category","embeddable":true,"href":"https:\/\/www.ecoticias.com\/hoyeco\/wp-json\/wp\/v2\/categories?post=5678"},{"taxonomy":"post_tag","embeddable":true,"href":"https:\/\/www.ecoticias.com\/hoyeco\/wp-json\/wp\/v2\/tags?post=5678"}],"curies":[{"name":"wp","href":"https:\/\/api.w.org\/{rel}","templated":true}]}}