{"id":5924,"date":"2024-05-05T14:30:46","date_gmt":"2024-05-05T12:30:46","guid":{"rendered":"https:\/\/www.ecoticias.com\/hoyeco\/?p=5924"},"modified":"2024-05-05T14:30:46","modified_gmt":"2024-05-05T12:30:46","slug":"area-51-de-espana","status":"publish","type":"post","link":"https:\/\/www.ecoticias.com\/hoyeco\/area-51-de-espana\/5924\/","title":{"rendered":"El \u00c1rea 51 de Espa\u00f1a, visitable por primera vez: tiene un b\u00fanker y est\u00e1 sobre el mar"},"content":{"rendered":"<p>A partir del a\u00f1o 2022 <strong>se ha abierto la posibilidad de visitar el Area51 de Espa\u00f1a<\/strong>, un sitio que alberga la mayor cantidad de leyendas debido a la restricci\u00f3n de acceso al p\u00fablico durante largos a\u00f1os. Sin embargo, ahora es posible visitarlo y conocer la verdadera historia del \u00e1rea 51 de Espa\u00f1a, conocida por un asentamiento castre\u00f1o, ataques piratas y hasta un b\u00fanker militar.<\/p>\n<h2>\u00bfD\u00f3nde queda el \u00c1rea 51 de Espa\u00f1a?<\/h2>\n<p>Desde una iglesia monacal y una fuente datadas del siglo VII, aun en pie luego del saqueo del pirata ingl\u00e9s Frances Drake, la construcci\u00f3n de un lazareto, un faro y una base militar, en un monte que alcanza los 80 metros de altura, todo junto en una misma isla de tan solo 28 km2.<\/p>\n<p>Se trata<strong> la Isla de Tambo<\/strong>, un peque\u00f1o \u00f3valo de tierra ubicado en la r\u00eda de Pontevedra, perteneciente al municipio de Poio en Galicia. Administrada por la Armada espa\u00f1ola desde 1941, el \u00c1rea 51 de Espa\u00f1a hab\u00eda permanecido aislada al p\u00fablico y al turismo hasta hoy.<\/p>\n<p>Envuelta en un halo de tantos mitos como leyendas, hoy es una visita obligada de lugare\u00f1os, turistas y curiosos por su atractiva arboleda nativa, sus playas paradis\u00edacas y las antiguas edificaciones abandonadas. <a href=\"https:\/\/www.ecoticias.com\/hoyeco\/portugal-espana-islas-salvajes\/4457\/\">Aqu\u00ed puedes conocer otra historia misteriosa que involucra a una isla<\/a><\/p>\n<h2>\u00bfQu\u00e9 esconde el \u00c1rea 51 de Espa\u00f1a?<\/h2>\n<p>Ubicada en las costas de Galicia, esta isla contiene una rica historia que data de la Edad de Hierro, tras el hallazgo de los restos de un asentamiento castre\u00f1o. Posteriormente, durante la Edad Media fue albergada por una compa\u00f1\u00eda religiosa que construy\u00f3 <strong>el famoso Monasterio Benedictino<\/strong>.<\/p>\n<p>El Monasterio fundado por obra de San Fructuoso y dedicado a Santa Mar\u00eda de Gracia, luego fue destruido durante el ataque pirata ingl\u00e9s a Pontevedra. A\u00f1os despu\u00e9s, los fieles construyeron all\u00ed una Iglesia y una fuente en honor a San Miguel. Y as\u00ed el \u00c1rea 51 de Espa\u00f1a fue virando de sentido.<\/p>\n<p>Alrededor del a\u00f1o 1865, se construy\u00f3 <strong>un lazareto<\/strong> como parte de un programa sanitario que buscaba resguardar a los afectados por enfermedades contagiosas como la lepra. Sin embargo, se sabe que esta actividad solo estuvo activa durante 10 a 15 a\u00f1os hasta su traslado a Vigo.<\/p>\n<p>Por \u00faltimo, fue base de la Armada Militar, raz\u00f3n por la cual es conocida como \u00c1rea 51 de Espa\u00f1a, como b\u00fanker de un arsenal naval. En este per\u00edodo de gesti\u00f3n privada, se construyeron barracones para la vigilancia militar, viviendas para albergar a los militares, una cantina y un polvor\u00edn subterr\u00e1neo.<\/p>\n<h2>Visita obligada de turistas<\/h2>\n<p>La isla conocida como \u00c1rea 51 de Espa\u00f1a, desde el a\u00f1o 2022 ha regresado a manos de la administraci\u00f3n p\u00fablica de la Xunta de Galicia. Su<strong> atractiva vegetaci\u00f3n, sus playas v\u00edrgenes de arena blanca<\/strong> y las ruinas de una vida pasada de diferentes \u00e9pocas son parte de su magnetismo.<\/p>\n<p>Sin embargo, las visitas est\u00e1n restringidas al p\u00fablico masivo, por lo que solo se puede acceder con turno previo otorgado por la administraci\u00f3n de Poio y a trav\u00e9s de la contrataci\u00f3n de una de las dos empresas autorizadas para realizar el trayecto de aproximadamente 2 km.<\/p>\n<p>Las navieras parten desde el Puerto de Combarro en grupos de aforo limitado de unas 50 personas. Para ingresar al \u00c1rea 51 de Espa\u00f1a se solicita un billete que ronda los 15 euros y consta de un<strong> recorrido del patrimonio natural y cultural de una duraci\u00f3n de 3 horas<\/strong>.<\/p>\n<p>Los puntos m\u00e1s atractivos son el faro de Tenlo Chico de 20 mts de alto, la playa de A Dreir\u00e1 y de \u00c1rea da Illa, esta \u00faltima de 450 mts de extensi\u00f3n y bandera celeste, el lazareto y la capilla de San Miguel.<\/p>\n<p>En \u00faltima instancia, \u00a0el paseo termina con <strong>la atractiva visita al bunker de unos 180 mts2<\/strong>, la casa del oficial y la cantina de la playa construida para la visita de las familias de los militares. No dejes de conocer esta isla misteriosa y m\u00e1gica conocida como el \u00c1rea 51 de Espa\u00f1a.<a href=\"https:\/\/www.ecoticias.com\/hoyeco\/espana-africa-isla-alhucemas\/4350\/\"> Descubre otra isla espa\u00f1ola que talvez desconoc\u00edas<\/a>.<\/p>\n<p>&nbsp;<\/p>\n","protected":false},"excerpt":{"rendered":"<p>A partir del a\u00f1o 2022 se ha abierto la posibilidad de visitar el Area51 de Espa\u00f1a, un sitio que alberga &#8230; <\/p>\n<p class=\"read-more-container\"><a title=\"El \u00c1rea 51 de Espa\u00f1a, visitable por primera vez: tiene un b\u00fanker y est\u00e1 sobre el mar\" class=\"read-more button\" href=\"https:\/\/www.ecoticias.com\/hoyeco\/area-51-de-espana\/5924\/#more-5924\" aria-label=\"Leer m\u00e1s sobre El \u00c1rea 51 de Espa\u00f1a, visitable por primera vez: tiene un b\u00fanker y est\u00e1 sobre el mar\">Read more<\/a><\/p>\n","protected":false},"author":8,"featured_media":5926,"comment_status":"closed","ping_status":"closed","sticky":false,"template":"","format":"standard","meta":{"footnotes":""},"categories":[2],"tags":[],"class_list":["post-5924","post","type-post","status-publish","format-standard","has-post-thumbnail","hentry","category-actualidad","resize-featured-image"],"_links":{"self":[{"href":"https:\/\/www.ecoticias.com\/hoyeco\/wp-json\/wp\/v2\/posts\/5924","targetHints":{"allow":["GET"]}}],"collection":[{"href":"https:\/\/www.ecoticias.com\/hoyeco\/wp-json\/wp\/v2\/posts"}],"about":[{"href":"https:\/\/www.ecoticias.com\/hoyeco\/wp-json\/wp\/v2\/types\/post"}],"author":[{"embeddable":true,"href":"https:\/\/www.ecoticias.com\/hoyeco\/wp-json\/wp\/v2\/users\/8"}],"replies":[{"embeddable":true,"href":"https:\/\/www.ecoticias.com\/hoyeco\/wp-json\/wp\/v2\/comments?post=5924"}],"version-history":[{"count":0,"href":"https:\/\/www.ecoticias.com\/hoyeco\/wp-json\/wp\/v2\/posts\/5924\/revisions"}],"wp:featuredmedia":[{"embeddable":true,"href":"https:\/\/www.ecoticias.com\/hoyeco\/wp-json\/wp\/v2\/media\/5926"}],"wp:attachment":[{"href":"https:\/\/www.ecoticias.com\/hoyeco\/wp-json\/wp\/v2\/media?parent=5924"}],"wp:term":[{"taxonomy":"category","embeddable":true,"href":"https:\/\/www.ecoticias.com\/hoyeco\/wp-json\/wp\/v2\/categories?post=5924"},{"taxonomy":"post_tag","embeddable":true,"href":"https:\/\/www.ecoticias.com\/hoyeco\/wp-json\/wp\/v2\/tags?post=5924"}],"curies":[{"name":"wp","href":"https:\/\/api.w.org\/{rel}","templated":true}]}}