{"id":614,"date":"2024-01-01T14:20:26","date_gmt":"2024-01-01T13:20:26","guid":{"rendered":"https:\/\/ecoticias.com\/hoyeco\/?p=614"},"modified":"2024-01-01T14:20:26","modified_gmt":"2024-01-01T13:20:26","slug":"cuota-mercado-mercadona","status":"publish","type":"post","link":"https:\/\/www.ecoticias.com\/hoyeco\/cuota-mercado-mercadona\/614\/","title":{"rendered":"Mercadona lo vuelve a hacer: este es su nuevo r\u00e9cord y deja a todos atr\u00e1s"},"content":{"rendered":"<p>Durante 2023 vimos c\u00f3mo muchos culpaban a un conocido supermercado valenciano de subir el precio de sus productos m\u00e1s que ning\u00fan otro (y tambi\u00e9n c\u00f3mo la OCU lo desment\u00eda y les libraba de culpa). Sin embargo, hemos conocido un r\u00e9cord que la compa\u00f1\u00eda ha batido sin que nadie se lo esperara. Conoce la\u00a0<strong>cuota de mercado de Mercadona<\/strong>, que es imparable y asusta a su competencia.<\/p>\n<h2>Mercadona dice adi\u00f3s a un 2023 \u00abcomplicado\u00bb<\/h2>\n<p>El a\u00f1o 2022 estuvo marcado por la inflaci\u00f3n (no es que este haya sido mejor), y los supermercados fueron los primeros term\u00f3metros de esta circunstancia. La cadena <strong>tuvo que lidiar con el aumento en los precios<\/strong> y los costes, sobre todo, en los del personal.<\/p>\n<p>Los expertos advirtieron de que esta ser\u00eda una de las pocas cadenas que se iba a librar de la p\u00e9rdida de confianza por parte de los clientes. Es m\u00e1s, se lleg\u00f3 a afirmar que les iba a basar con seguir siendo eficientes, es decir, no implementar cambios demasiado ambiciosos para no causar extra\u00f1eza.<\/p>\n<p>\u00bfCu\u00e1l fue la estrategia de la marca durante el principio de 2023? Potenciaron sus marcas blancas: <strong>Hacendado, Deliplus y Bosque Verde<\/strong>, para ganarse a quienes hu\u00edan de la inflaci\u00f3n. Sin embargo, pronto estos productos tambi\u00e9n sucumbieron al aumento de precios y generaron un efecto domin\u00f3.<\/p>\n<h2>La cuota de mercado de Mercadona que Lidl y Carrefour no pueden alcanzar<\/h2>\n<p>\u00bfConoces la consultora Kantar? Es prestigiosa por sus informes sobre la viabilidad de los negocios, y ha querido pronunciarse sobre la <strong>cuota de mercado de Mercadona<\/strong>. De acuerdo con sus \u00faltimas estad\u00edsticas, la cadena valenciana sigue liderando frente a su competencia. Es decir, ni Lidl ni Carrefour han podido batirla.<\/p>\n<p>La clave para que retomaran su \u00e9xito fue el anuncio de rebajar m\u00e1s de 500 productos b\u00e1sicos. Estuvo vinculado a la medida del Gobierno de reducir o suprimir el IVA (seg\u00fan el caso) y fue bien acogida por el p\u00fablico. De hecho, la lanzaron justo cuando m\u00e1s falta hac\u00eda, en mitad de un a\u00f1o que estaba siendo complicado.<\/p>\n<p>En la actualidad, <strong>la cuota de mercado de Mercadona es del 27,1 %<\/strong>. \u00bfSabes qu\u00e9 significa esto? Que una de cada cuatro personas compra en sus establecimientos, lo que supone una cifra que ninguna otra compa\u00f1\u00eda ha sabido superar. Est\u00e1 claro que su competencia tiene que temer, y as\u00ed lo han manifestado en alguna ocasi\u00f3n.<\/p>\n<h2>Mercadona no se conforma: quiere m\u00e1s y anuncia esto para 2024<\/h2>\n<p>El 2024 pinta que <strong>va a ser un a\u00f1o de \u00e9xito para Mercadona<\/strong>, que tiene planes muy ambiciosos. El margen que deja tras su competencia es bastante elevado (Carrefour tiene una cuota del 9,9 % y Lidl muestra una de 6,4 %, bastante por detr\u00e1s en ambos casos). Con todo, tienen espacio para crecer y seguir avanzando en Espa\u00f1a.<\/p>\n<p>La cadena quiere potenciar su presencia en Portugal con la apertura de nuevas tiendas, pero tampoco se olvida de nuestro pa\u00eds. La clave est\u00e1 en sus nuevos supermercados, que combinan la eficiencia energ\u00e9tica con la apertura de nuevos servicios. Entre ellos, las g\u00f3ndolas de fruta y verdura o las comidas preparadas.<\/p>\n<p>Incluso valorando todo lo anterior, seguimos encontrando otras novedades. Hace unos d\u00edas confirmaron una subida de sueldo para sus empleados, y luego hicieron lo mismo con la reducci\u00f3n de horarios. Todo ello, con vistas a incorporar m\u00e1s personal durante 2024 para sus nuevos centros.<\/p>\n<p>Un vistazo a la\u00a0<strong>cuota de mercado de Mercadona\u00a0<\/strong>es suficiente como para comprobar que la cadena viene pisando fuerte. La competencia tiene motivos para asustarse, y saben bien que la compa\u00f1\u00eda de Juan Roig no se detiene ante las adversidades. Es m\u00e1s, este mes recuperaron un servicio tan popular como el de comidas preparadas por encargo, y todav\u00eda est\u00e1s a tiempo de solicitarlo.<\/p>\n","protected":false},"excerpt":{"rendered":"<p>Durante 2023 vimos c\u00f3mo muchos culpaban a un conocido supermercado valenciano de subir el precio de sus productos m\u00e1s que &#8230; <\/p>\n<p class=\"read-more-container\"><a title=\"Mercadona lo vuelve a hacer: este es su nuevo r\u00e9cord y deja a todos atr\u00e1s\" class=\"read-more button\" href=\"https:\/\/www.ecoticias.com\/hoyeco\/cuota-mercado-mercadona\/614\/#more-614\" aria-label=\"Leer m\u00e1s sobre Mercadona lo vuelve a hacer: este es su nuevo r\u00e9cord y deja a todos atr\u00e1s\">Read more<\/a><\/p>\n","protected":false},"author":2,"featured_media":619,"comment_status":"closed","ping_status":"closed","sticky":false,"template":"","format":"standard","meta":{"footnotes":""},"categories":[4],"tags":[],"class_list":["post-614","post","type-post","status-publish","format-standard","has-post-thumbnail","hentry","category-consumo","resize-featured-image"],"_links":{"self":[{"href":"https:\/\/www.ecoticias.com\/hoyeco\/wp-json\/wp\/v2\/posts\/614","targetHints":{"allow":["GET"]}}],"collection":[{"href":"https:\/\/www.ecoticias.com\/hoyeco\/wp-json\/wp\/v2\/posts"}],"about":[{"href":"https:\/\/www.ecoticias.com\/hoyeco\/wp-json\/wp\/v2\/types\/post"}],"author":[{"embeddable":true,"href":"https:\/\/www.ecoticias.com\/hoyeco\/wp-json\/wp\/v2\/users\/2"}],"replies":[{"embeddable":true,"href":"https:\/\/www.ecoticias.com\/hoyeco\/wp-json\/wp\/v2\/comments?post=614"}],"version-history":[{"count":0,"href":"https:\/\/www.ecoticias.com\/hoyeco\/wp-json\/wp\/v2\/posts\/614\/revisions"}],"wp:featuredmedia":[{"embeddable":true,"href":"https:\/\/www.ecoticias.com\/hoyeco\/wp-json\/wp\/v2\/media\/619"}],"wp:attachment":[{"href":"https:\/\/www.ecoticias.com\/hoyeco\/wp-json\/wp\/v2\/media?parent=614"}],"wp:term":[{"taxonomy":"category","embeddable":true,"href":"https:\/\/www.ecoticias.com\/hoyeco\/wp-json\/wp\/v2\/categories?post=614"},{"taxonomy":"post_tag","embeddable":true,"href":"https:\/\/www.ecoticias.com\/hoyeco\/wp-json\/wp\/v2\/tags?post=614"}],"curies":[{"name":"wp","href":"https:\/\/api.w.org\/{rel}","templated":true}]}}