{"id":634,"date":"2023-12-31T09:00:14","date_gmt":"2023-12-31T08:00:14","guid":{"rendered":"https:\/\/ecoticias.com\/hoyeco\/?p=634"},"modified":"2023-12-31T09:00:14","modified_gmt":"2023-12-31T08:00:14","slug":"pueblo-portugal-espanol-maravilla","status":"publish","type":"post","link":"https:\/\/www.ecoticias.com\/hoyeco\/pueblo-portugal-espanol-maravilla\/634\/","title":{"rendered":"As\u00ed es el pueblo espa\u00f1ol considerado como una de las siete maravillas de Portugal"},"content":{"rendered":"<p>Hay un <a href=\"https:\/\/ecoticias.com\/hoyeco\/albarracin-pueblo-espana-unesco\/409\/\" target=\"_blank\" rel=\"noopener\"><strong>pueblo<\/strong><\/a> situado entre dos pa\u00edses (<strong>Espa\u00f1a<\/strong> y <strong>Portugal<\/strong>), con dos idiomas y dos horarios distintos, un dato curioso que se torna m\u00e1s interesante teniendo en cuenta que all\u00ed solo residen 70 habitantes. Parece el lugar perfecto para perderse y aislarse del ruido. Se llama <strong>Rihonor de Castilla<\/strong> <strong>y Le\u00f3n<\/strong> o<strong> R\u00edo de Onor<\/strong>. Este paraje est\u00e1 dividido por <strong>Espa\u00f1a<\/strong> y<strong> Portugal<\/strong>, literalmente la mitad del territorio le pertenece a un pa\u00eds y la otra mitad al otro. Una zona con encanto que atrapa a las personas que buscan paz y alejarse del ruido de la ciudad. Hay lugares en los que pareciera que el tiempo se para y permite que nuestros pensamientos se encuentren.<\/p>\n<p>Si buscas reconfigurar tu cuerpo y unificarlo con tu alma, este puede ser tu lugar en mundo. Una de sus peculiaridades es que se utilizan dos zonas horarias y se hablan dos idiomas, as\u00ed que, adem\u00e1s de relajarte, saldr\u00e1s de all\u00ed con un conocimiento mayor de dos culturas. Eso s\u00ed, tus familiares y amigos no sabr\u00e1n a qu\u00e9 hora llamarte. Pr\u00e1cticamente es una aldea, pero no tiene nada que envidiar a otros pueblos de<strong> Espa\u00f1a<\/strong> y <strong>Portugal<\/strong>. Cuenta con lugares para comer y hacer turismo, adem\u00e1s de otras zonas cercanas en las que se puede seguir la expedici\u00f3n.<\/p>\n<h2>El pueblo espa\u00f1ol donde se habla portugu\u00e9s<\/h2>\n<p>El lado espa\u00f1ol de este <strong>pueblo<\/strong> pertenece al municipio de<strong> Pedralba<\/strong> <strong>(Zamora<\/strong>) en el lado espa\u00f1ol y a Bragan\u00e7a del lado portugu\u00e9s, una ciudad que se encuentra a media hora y a la que merece la pena pasarse. Es un lugar tan adorable y paradis\u00edaco que el pa\u00eds luso ya lo ha reconocido como una de las siete maravillas de<strong> Portugal<\/strong>. Se distribuye en el \u201cpueblo de arriba\u201d o de \u201cabajo\u201d, en funci\u00f3n de si vives en <strong>Espa\u00f1a<\/strong> o<strong> Portugal<\/strong>, aunque sus habitantes cuentan con doble nacionalidad.<\/p>\n<p><strong>R\u00edo de Onor<\/strong> adquiere ese nombre por el r\u00edo que cruza la localidad, rodeada por la<strong> Sierra de la Culebra<\/strong>. Como ya hemos indicado antes, sus residentes hablan dos idiomas: castellano y portugu\u00e9s. Adem\u00e1s, hay dos horarios diferentes. Es un gran atractivo para los turistas que desean huir del ruido de las grandes ciudades y dejar fuera de su vida el estr\u00e9s.<\/p>\n<p>Cuenta con 65.000 hect\u00e1reas naturales para hacer excursiones, senderismo y pasear por el campo mientras la brisa te acaricia el rostro. Los amantes de los animales se derriten al saber que se pueden avistar lobos ib\u00e9ricos, situados en un enclave protegido y declarado <strong>Reserva Regional de Caza<\/strong>.<\/p>\n<h2>El pueblo que te permite estar en \u201cdos lugares a la vez\u201d<\/h2>\n<p>Pasar por all\u00ed es cumplir el sue\u00f1o de muchos de estar en \u201cdos lugares a la vez\u201d. El escritor portugu\u00e9s <strong>Jos\u00e9 Saramago<\/strong> qued\u00f3 maravillado al pasar por all\u00ed y plasm\u00f3 su testimonio en el libro \u201c<strong>Viagem a Portugal<\/strong>\u201d, de 1981: \u201cDespu\u00e9s de todo, \u00bfd\u00f3nde est\u00e1 la frontera? \u00bfC\u00f3mo se llama este pa\u00eds, aqu\u00ed? \u00bfSigue siendo <strong>Portugal<\/strong>? \u00bfYa es <strong>Espa\u00f1a<\/strong>? \u00bfO es solo <strong>R\u00edo de Onor<\/strong> y nada m\u00e1s que eso?\u201d.<\/p>\n<p>En su momento, era com\u00fan ver ganado cruzar libremente por la frontera. Las poblaciones de <strong>Espa\u00f1a<\/strong> y <strong>Portugal<\/strong> a menudo ten\u00edan tierras que trabajaban del lado opuesto.<\/p>\n<p>La mayor\u00eda de sus visitantes son portugueses y espa\u00f1oles que sienten curiosidad por este pueblo fronterizo. En 2019, recibi\u00f3 5.200 visitantes en la<strong> Casa do Touro<\/strong>, un museo dedicado a la historia y cultura de la localidad. Pasar por <strong>Casa do Toure<\/strong> es abrir una puerta trepidante de la que despu\u00e9s es muy dif\u00edcil salir. Es dejarse llevar por el estilo de vida en comunidad m\u00e1s que instaurado en este singular paraje.<\/p>\n<p>Si quieres enamorarte de la vida de nuevo en un enclave \u00fanico y cargado de historia, <strong>R\u00edo de Onor<\/strong> es el <a href=\"https:\/\/ecoticias.com\/hoyeco\/viajes-europa-viaje-invierno-plitvice\/307\/\" target=\"_blank\" rel=\"noopener\">lugar<\/a> perfecto.<\/p>\n","protected":false},"excerpt":{"rendered":"<p>Hay un pueblo situado entre dos pa\u00edses (Espa\u00f1a y Portugal), con dos idiomas y dos horarios distintos, un dato curioso &#8230; <\/p>\n<p class=\"read-more-container\"><a title=\"As\u00ed es el pueblo espa\u00f1ol considerado como una de las siete maravillas de Portugal\" class=\"read-more button\" href=\"https:\/\/www.ecoticias.com\/hoyeco\/pueblo-portugal-espanol-maravilla\/634\/#more-634\" aria-label=\"Leer m\u00e1s sobre As\u00ed es el pueblo espa\u00f1ol considerado como una de las siete maravillas de Portugal\">Read more<\/a><\/p>\n","protected":false},"author":3,"featured_media":684,"comment_status":"closed","ping_status":"closed","sticky":false,"template":"","format":"standard","meta":{"footnotes":""},"categories":[2],"tags":[],"class_list":["post-634","post","type-post","status-publish","format-standard","has-post-thumbnail","hentry","category-actualidad","resize-featured-image"],"_links":{"self":[{"href":"https:\/\/www.ecoticias.com\/hoyeco\/wp-json\/wp\/v2\/posts\/634","targetHints":{"allow":["GET"]}}],"collection":[{"href":"https:\/\/www.ecoticias.com\/hoyeco\/wp-json\/wp\/v2\/posts"}],"about":[{"href":"https:\/\/www.ecoticias.com\/hoyeco\/wp-json\/wp\/v2\/types\/post"}],"author":[{"embeddable":true,"href":"https:\/\/www.ecoticias.com\/hoyeco\/wp-json\/wp\/v2\/users\/3"}],"replies":[{"embeddable":true,"href":"https:\/\/www.ecoticias.com\/hoyeco\/wp-json\/wp\/v2\/comments?post=634"}],"version-history":[{"count":0,"href":"https:\/\/www.ecoticias.com\/hoyeco\/wp-json\/wp\/v2\/posts\/634\/revisions"}],"wp:featuredmedia":[{"embeddable":true,"href":"https:\/\/www.ecoticias.com\/hoyeco\/wp-json\/wp\/v2\/media\/684"}],"wp:attachment":[{"href":"https:\/\/www.ecoticias.com\/hoyeco\/wp-json\/wp\/v2\/media?parent=634"}],"wp:term":[{"taxonomy":"category","embeddable":true,"href":"https:\/\/www.ecoticias.com\/hoyeco\/wp-json\/wp\/v2\/categories?post=634"},{"taxonomy":"post_tag","embeddable":true,"href":"https:\/\/www.ecoticias.com\/hoyeco\/wp-json\/wp\/v2\/tags?post=634"}],"curies":[{"name":"wp","href":"https:\/\/api.w.org\/{rel}","templated":true}]}}