{"id":6447,"date":"2024-05-18T14:30:10","date_gmt":"2024-05-18T12:30:10","guid":{"rendered":"https:\/\/www.ecoticias.com\/hoyeco\/?p=6447"},"modified":"2024-05-18T14:30:10","modified_gmt":"2024-05-18T12:30:10","slug":"espana-provincias-desierto","status":"publish","type":"post","link":"https:\/\/www.ecoticias.com\/hoyeco\/espana-provincias-desierto\/6447\/","title":{"rendered":"Estas dos provincias de Espa\u00f1a se convertir\u00e1n en desierto: no hay soluci\u00f3n, y es inminente"},"content":{"rendered":"<p>A pesar de todas las acciones llevadas a cabo por las naciones comprometidas con el cambio clim\u00e1tico, <a href=\"https:\/\/www.ecoticias.com\/hoyeco\/sequia-situacion-de-emergencia\/2525\/\">el problema de la sequ\u00eda contin\u00faa agrav\u00e1ndose<\/a>. La huella de carbono y el abuso de los recursos naturales son algunas de los motivos que contin\u00faan acelerando los da\u00f1os ambientales. En este contexto, <strong>dos provincias de Espa\u00f1a se encuentran hoy en una inminente situaci\u00f3n des\u00e9rtica<\/strong>.<\/p>\n<h2>\u00bfQu\u00e9 zonas de Espa\u00f1a se encuentran particularmente afectadas por el cambio clim\u00e1tico?<\/h2>\n<p>Hist\u00f3ricamente, las provincias del sudeste de la pen\u00ednsula y la isla de Canarias se han caracterizado por tener un clima seco, con escasas lloviznas anuales y una geograf\u00eda semi\u00e1rida, que de acuerdo a las estimaciones oficiales se encuentran al l\u00edmite de pasar al estado de aridez.<\/p>\n<p>En este sentido, las provincias de Espa\u00f1a m\u00e1s afectadas por la aridificaci\u00f3n de sus tierras son<strong> Murcia y Almer\u00eda<\/strong>, seguidos no tan por detr\u00e1s por Alicante, Granada y Cuenca, y con menores \u00edndices, pero en estado de alerta por la sequ\u00eda en \u00e1reas subh\u00famedas de las provincias lim\u00edtrofes.<\/p>\n<p>Seg\u00fan los datos recopilados por el informe de la Estaci\u00f3n Experimental de Zonas \u00c1ridas (EEZA), dependiente del Consejo Superior de Investigaciones Cient\u00edficas (CSIC), demuestran que <strong>el grado de desertificaci\u00f3n del suelo en esta zona se ha agravado considerablemente<\/strong>.<\/p>\n<p>En estos t\u00e9rminos, el CSIC ha afirmado que la degradaci\u00f3n del suelo es un hecho casi irreversible y que se ha triplicado el da\u00f1o en menos de diez a\u00f1os. Estos n\u00fameros convierten a Espa\u00f1a en el pa\u00eds europeo m\u00e1s afectado por la sequ\u00eda.<\/p>\n<h2>Causas de la desertificaci\u00f3n del suelo en el sudeste de Espa\u00f1a<\/h2>\n<p>Una de las causas m\u00e1s notorias que ha favorecido sistem\u00e1ticamente al <strong>agravamiento de la desertificaci\u00f3n es<\/strong> <strong>la falta de lluvias<\/strong>. En los \u00faltimos a\u00f1os, los registros de precipitaciones han ca\u00eddo sustancialmente, por efecto de la crisis clim\u00e1tica.<\/p>\n<p>No obstante, se ha notado la presencia de lluvias s\u00fabitas de alta intensidad y durante cortos per\u00edodos en la costa mediterr\u00e1nea de Espa\u00f1a que el suelo tan erosionado no logra permear, provocando encharcamientos.<\/p>\n<p>Adicionalmente, se suman los datos de la Agencia Estatal de Meteorolog\u00eda (AEMET) dependiente del Ministerio para la Transici\u00f3n Ecol\u00f3gica (MITECO) que alertan sobre el calentamiento del clima, considerando que <strong>el a\u00f1o<\/strong> <strong>2023 fue extremadamente c\u00e1lido y seco<\/strong>.<\/p>\n<p>El aumento de la temperatura media produce una mayor evaporizaci\u00f3n de las aguas de r\u00edo y pantanos agravando la situaci\u00f3n de los suelos para estas zonas afectadas por la sequ\u00eda, teniendo en cuenta que el valor medido en primavera fue de 0% de humedad para la pen\u00ednsula.<\/p>\n<h2>M\u00e1s problemas que agravan la situaci\u00f3n de extrema aridez<\/h2>\n<p>Sin dudas, el uso indebido del recurso h\u00eddrico es uno de los problemas m\u00e1s preocupantes que ha causado este estado de situaci\u00f3n. Una regi\u00f3n particularmente conocida por su<strong> explotaci\u00f3n agropecuaria y la ganader\u00eda intensiva ha reducido al m\u00ednimo la capacidad de agua del suelo<\/strong>.<\/p>\n<p>Lo que implica un serio problema econ\u00f3mico para Espa\u00f1a que exporta casi 60.000 millones de euros al a\u00f1o en productos de su agroeconom\u00eda. En este sentido, la Uni\u00f3n de Peque\u00f1os Agricultores (UPA) ha comunicado su preocupaci\u00f3n ante el estado de aridez del suelo.<\/p>\n<p><strong>El crecimiento poblacional y el turismo en la costa mediterr\u00e1nea de Espa\u00f1a<\/strong> tambi\u00e9n ha hecho su parte para erosionar los embalses y acu\u00edferos de la zona. Y por \u00faltimo y no menos preocupantes, los incendios forestales y la salinizaci\u00f3n de las cuencas de agua.<\/p>\n<p>Los proyectos activos hoy en d\u00eda con las desaladoras a\u00fan no est\u00e1n dando grandes resultados para detener este problema. La soluci\u00f3n m\u00e1s viable ser\u00eda el <a href=\"https:\/\/www.ecoticias.com\/hoyeco\/pais-quiere-robarle-el-agua-a-espana\/6359\/\">uso m\u00e1s eficiente del agua<\/a>, pero a\u00fan queda trabajo por hacer si tenemos en cuenta las cifras proporcionadas por Aquea, que tres cuartas partes del agua consumida en Espa\u00f1a son empleadas por el sector de la agricultura y la ganader\u00eda.<\/p>\n<p>&nbsp;<\/p>\n","protected":false},"excerpt":{"rendered":"<p>A pesar de todas las acciones llevadas a cabo por las naciones comprometidas con el cambio clim\u00e1tico, el problema de &#8230; <\/p>\n<p class=\"read-more-container\"><a title=\"Estas dos provincias de Espa\u00f1a se convertir\u00e1n en desierto: no hay soluci\u00f3n, y es inminente\" class=\"read-more button\" href=\"https:\/\/www.ecoticias.com\/hoyeco\/espana-provincias-desierto\/6447\/#more-6447\" aria-label=\"Leer m\u00e1s sobre Estas dos provincias de Espa\u00f1a se convertir\u00e1n en desierto: no hay soluci\u00f3n, y es inminente\">Read more<\/a><\/p>\n","protected":false},"author":8,"featured_media":6450,"comment_status":"closed","ping_status":"closed","sticky":false,"template":"","format":"standard","meta":{"footnotes":""},"categories":[2],"tags":[],"class_list":["post-6447","post","type-post","status-publish","format-standard","has-post-thumbnail","hentry","category-actualidad","resize-featured-image"],"_links":{"self":[{"href":"https:\/\/www.ecoticias.com\/hoyeco\/wp-json\/wp\/v2\/posts\/6447","targetHints":{"allow":["GET"]}}],"collection":[{"href":"https:\/\/www.ecoticias.com\/hoyeco\/wp-json\/wp\/v2\/posts"}],"about":[{"href":"https:\/\/www.ecoticias.com\/hoyeco\/wp-json\/wp\/v2\/types\/post"}],"author":[{"embeddable":true,"href":"https:\/\/www.ecoticias.com\/hoyeco\/wp-json\/wp\/v2\/users\/8"}],"replies":[{"embeddable":true,"href":"https:\/\/www.ecoticias.com\/hoyeco\/wp-json\/wp\/v2\/comments?post=6447"}],"version-history":[{"count":0,"href":"https:\/\/www.ecoticias.com\/hoyeco\/wp-json\/wp\/v2\/posts\/6447\/revisions"}],"wp:featuredmedia":[{"embeddable":true,"href":"https:\/\/www.ecoticias.com\/hoyeco\/wp-json\/wp\/v2\/media\/6450"}],"wp:attachment":[{"href":"https:\/\/www.ecoticias.com\/hoyeco\/wp-json\/wp\/v2\/media?parent=6447"}],"wp:term":[{"taxonomy":"category","embeddable":true,"href":"https:\/\/www.ecoticias.com\/hoyeco\/wp-json\/wp\/v2\/categories?post=6447"},{"taxonomy":"post_tag","embeddable":true,"href":"https:\/\/www.ecoticias.com\/hoyeco\/wp-json\/wp\/v2\/tags?post=6447"}],"curies":[{"name":"wp","href":"https:\/\/api.w.org\/{rel}","templated":true}]}}