{"id":6524,"date":"2024-05-20T15:00:23","date_gmt":"2024-05-20T13:00:23","guid":{"rendered":"https:\/\/www.ecoticias.com\/hoyeco\/?p=6524"},"modified":"2024-05-20T15:00:23","modified_gmt":"2024-05-20T13:00:23","slug":"isla-mas-paradisiaca-espana","status":"publish","type":"post","link":"https:\/\/www.ecoticias.com\/hoyeco\/isla-mas-paradisiaca-espana\/6524\/","title":{"rendered":"La isla m\u00e1s paradisiaca de Espa\u00f1a a la que solo pueden ir 1800 personas: no est\u00e1 en Canarias ni en Baleares"},"content":{"rendered":"<p>Un destino que no debes dejar pasar <a href=\"https:\/\/www.ecoticias.com\/hoyeco\/isla-porquerolles-naponleon\/5153\/\">si eres amante de la naturaleza y de las playas de arenas blancas,<\/a> es \u00e9ste que se encuentra m\u00e1s cerca de lo pensado. <strong>La isla m\u00e1s paradis\u00edaca de Espa\u00f1a<\/strong> no est\u00e1 ni en Baleares ni en Canarias, pero es una de las destacadas por prestigiosos medios brit\u00e1nicos por sus aguas turquesas y una panor\u00e1mica de 360\u00b0 magn\u00edfica.<\/p>\n<h2>\u00bfD\u00f3nde se encuentra la isla m\u00e1s paradis\u00edaca de Espa\u00f1a?<\/h2>\n<p>A solo 15 km de la costa espa\u00f1ola se levanta un archipi\u00e9lago que sobresale de sus aguas fr\u00edas pero claras y ofrece un escenario natural rodeado de pinos y retamas y envuelto en historias y leyendas que encierran su magia.<\/p>\n<p>Se trata de <strong>las Islas C\u00edes, ubicadas al oeste de Vigo<\/strong> y frente a su r\u00eda. Constituida por tres islas, Monteagudo, Montefaro y San Marti\u00f1o, se encuentra dentro del Parque Natural mar\u00edtimo-terrestre de las Islas Atl\u00e1nticas de Galicia y es denominada la isla m\u00e1s paradis\u00edaca de Espa\u00f1a.<\/p>\n<p>Con una historia constatada del Paleol\u00edtico y Neol\u00edtico, sus tierras revelan asentamientos desde la Edad de Bronce. Los romanos han dejado su huella y no es menor la historia del paso de Julio Cesar por las islas durante la persecuci\u00f3n a los pueblos herminios.<\/p>\n<p>Invasiones suevas, griegas y celtas, \u00f3rdenes religiosas del medioevo, una base del pirata Frances Drake y un oc\u00e9ano <strong>que esconde tesoros y leyendas<\/strong>, y minas de metales preciosos, todas esas historias reunidas en la isla m\u00e1s paradis\u00edaca de Espa\u00f1a.<\/p>\n<h2>Caracter\u00edsticas que convierten a este archipi\u00e9lago en la isla m\u00e1s paradis\u00edaca de Espa\u00f1a<\/h2>\n<p>Uno de los atractivos de las Islas C\u00edes es la playa de Rodas, de arena fina y blanca ba\u00f1adas por una laguna de sal cristalina y tranquila y reconocida por el prestigioso peri\u00f3dico brit\u00e1nico The Guardian como la playa m\u00e1s linda del mundo, y hace poco The Telegraph hizo lo propio.<\/p>\n<p>El faro que data de mediados del siglo XIX se eleva hasta los 174 mts. y se puede llegar por un atractivo camino de zigzag. En noche claras su luz se puede avizorar hasta 40 km o 22 millas. Y desde la cima se pueden obtener <strong>las vistas m\u00e1s inolvidables de la isla m\u00e1s paradis\u00edaca de Espa\u00f1a<\/strong>.<\/p>\n<p>Adicionalmente, son interesantes las visitas al Centro de Interpretaci\u00f3n, construido sobre las ruinas del convento San Estevo y donde se halla un sepulcro antropomorfo, las fortificaciones y salazoneras antiguas, el Observatorio de Aves y las rutas de senderismo con distintas vistas.<\/p>\n<h2>\u00bfC\u00f3mo llegar a las Islas C\u00edes?<\/h2>\n<p>Para acceder a la isla m\u00e1s paradis\u00edaca de Espa\u00f1a puedes optar desde los puertos de Vigo, Cangas o Baiona, a trav\u00e9s de empresas de catamaranes autorizadas para realizar el trayecto, pero exige \u00a0realizar una <strong>reserva previa desde la p\u00e1gina web de la Xunta de Galicia<\/strong>.<\/p>\n<p>El Plan Rector de Uso y Gesti\u00f3n del Parque Nacional das Illas Atl\u00e1nticas (PRUG), estipula que se pueden realizar reservas con 90 d\u00edas de antelaci\u00f3n. El per\u00edodo de visita es solo durante la temporada alta, y tendr\u00e1 apertura entre el pr\u00f3ximo mi\u00e9rcoles 15 de mayo y el 15 de septiembre.<\/p>\n<p>Adicionalmente, el PRUG<strong> limita la capacidad de visitantes diarios a 1800 personas<\/strong> con el objetivo de proteger al Parque Nacional Mar\u00edtimo-Terrestre de las Islas Atl\u00e1nticas de Galicia de las oleadas fuertes tur\u00edsticas que en 2007 lleg\u00f3 a ser de 240.000 visitantes.<\/p>\n<p>Las restricciones se extienden tambi\u00e9n para el uso del camping, que reduce su cupo por noche a 600 personas, para quienes deseen realizar caminatas disfrutando del escenario nocturno estrellado y pernoctar en la isla m\u00e1s paradis\u00edaca de Espa\u00f1a.<\/p>\n<p>Las Islas C\u00edes son el destino elegido por muchos para realiz<strong>ar una escapada de fin de semana en contacto con la naturaleza<\/strong>, degustando los sabores de la gastronom\u00eda local y disfrutando de los paseos y la escalada al faro. <a href=\"https:\/\/www.ecoticias.com\/hoyeco\/islas-baleares-secretas\/5397\/\">Su geograf\u00eda, su mar y la fotograf\u00eda<\/a> la convierten en la isla m\u00e1s paradis\u00edaca de Espa\u00f1a, por lo que desde aqu\u00ed te sugerimos que no dejes de visitarlas.<\/p>\n<p>&nbsp;<\/p>\n","protected":false},"excerpt":{"rendered":"<p>Un destino que no debes dejar pasar si eres amante de la naturaleza y de las playas de arenas blancas, &#8230; <\/p>\n<p class=\"read-more-container\"><a title=\"La isla m\u00e1s paradisiaca de Espa\u00f1a a la que solo pueden ir 1800 personas: no est\u00e1 en Canarias ni en Baleares\" class=\"read-more button\" href=\"https:\/\/www.ecoticias.com\/hoyeco\/isla-mas-paradisiaca-espana\/6524\/#more-6524\" aria-label=\"Leer m\u00e1s sobre La isla m\u00e1s paradisiaca de Espa\u00f1a a la que solo pueden ir 1800 personas: no est\u00e1 en Canarias ni en Baleares\">Read more<\/a><\/p>\n","protected":false},"author":8,"featured_media":6570,"comment_status":"closed","ping_status":"closed","sticky":false,"template":"","format":"standard","meta":{"footnotes":""},"categories":[2],"tags":[],"class_list":["post-6524","post","type-post","status-publish","format-standard","has-post-thumbnail","hentry","category-actualidad","resize-featured-image"],"_links":{"self":[{"href":"https:\/\/www.ecoticias.com\/hoyeco\/wp-json\/wp\/v2\/posts\/6524","targetHints":{"allow":["GET"]}}],"collection":[{"href":"https:\/\/www.ecoticias.com\/hoyeco\/wp-json\/wp\/v2\/posts"}],"about":[{"href":"https:\/\/www.ecoticias.com\/hoyeco\/wp-json\/wp\/v2\/types\/post"}],"author":[{"embeddable":true,"href":"https:\/\/www.ecoticias.com\/hoyeco\/wp-json\/wp\/v2\/users\/8"}],"replies":[{"embeddable":true,"href":"https:\/\/www.ecoticias.com\/hoyeco\/wp-json\/wp\/v2\/comments?post=6524"}],"version-history":[{"count":0,"href":"https:\/\/www.ecoticias.com\/hoyeco\/wp-json\/wp\/v2\/posts\/6524\/revisions"}],"wp:featuredmedia":[{"embeddable":true,"href":"https:\/\/www.ecoticias.com\/hoyeco\/wp-json\/wp\/v2\/media\/6570"}],"wp:attachment":[{"href":"https:\/\/www.ecoticias.com\/hoyeco\/wp-json\/wp\/v2\/media?parent=6524"}],"wp:term":[{"taxonomy":"category","embeddable":true,"href":"https:\/\/www.ecoticias.com\/hoyeco\/wp-json\/wp\/v2\/categories?post=6524"},{"taxonomy":"post_tag","embeddable":true,"href":"https:\/\/www.ecoticias.com\/hoyeco\/wp-json\/wp\/v2\/tags?post=6524"}],"curies":[{"name":"wp","href":"https:\/\/api.w.org\/{rel}","templated":true}]}}