{"id":658,"date":"2024-01-02T14:00:04","date_gmt":"2024-01-02T13:00:04","guid":{"rendered":"https:\/\/ecoticias.com\/hoyeco\/?p=658"},"modified":"2024-01-02T14:00:04","modified_gmt":"2024-01-02T13:00:04","slug":"energia-nuclear-problema-gobierno","status":"publish","type":"post","link":"https:\/\/www.ecoticias.com\/hoyeco\/energia-nuclear-problema-gobierno\/658\/","title":{"rendered":"El gobierno lo confirma: Espa\u00f1a dejar\u00e1 la energ\u00eda nuclear, pero hay un gran problema por resolver"},"content":{"rendered":"<p><a href=\"https:\/\/ecoticias.com\/hoyeco\/albarracin-pueblo-espana-unesco\/409\/\" target=\"_blank\" rel=\"noopener\"><strong>Espa\u00f1a<\/strong><\/a> se desliga de la<strong> energ\u00eda nuclear<\/strong>, pero todav\u00eda queda un<strong> problema<\/strong> por zanjar. El gobierno ha anunciado su decisi\u00f3n de abandonar la<strong> energ\u00eda nuclear<\/strong>, pero est\u00e1 recibiendo fuertes cr\u00edticas por el plan para los residuos radioactivos. Esta medida forma parte de los esfuerzos de los dirigentes por fomentar fuentes de energ\u00eda m\u00e1s limpias y sostenibles. No obstante, este plan ha recibido cr\u00edticas contundentes por la falta de un plan \u00f3ptimo sobre los residuos radioactivos.<\/p>\n<p><strong>Teresa Ribera<\/strong>, ministra para la <strong>Transici\u00f3n Ecol\u00f3gica y el Reto Demogr\u00e1fico<\/strong>, expuso que nuestro pa\u00eds tiene el prop\u00f3sito de cerrar progresivamente sus centrales nucleares y eliminar gradualmente la energ\u00e9tica nuclear de su sistema energ\u00e9tico. Esta medida est\u00e1 recogida en la estrategia del gobierno de lograr la neutralidad de carbono para el a\u00f1o 2050.<\/p>\n<p>Pese a que la intenci\u00f3n del gobierno es abandonar la <strong>energ\u00eda nuclear<\/strong>, organizaciones y expertos han alzado la voz de alarma ante la falta de un plan integral sobre los residuos de estas centrales. Seg\u00fan el informe de la <strong>Comisi\u00f3n Nacional de Energ\u00eda<\/strong>, <strong>Espa\u00f1a<\/strong> tiene alrededor de 24.700 metros c\u00fabicos radioactivos. Estos necesitan gestionarse y almacenarse de forma segura.<\/p>\n<h2>La energ\u00eda nuclear se va de Espa\u00f1a, pero ocasiona un problema<\/h2>\n<p>El<strong> problema<\/strong> principal es la falta de un almac\u00e9n de residuos radioactivos de alta actividad. Hasta ahora, la cr\u00edtica se basa en que no existe una localizaci\u00f3n consolidada para esta raz\u00f3n. En estos momentos, nuestro pa\u00eds no tiene un lugar espec\u00edfico para almacenar estos residuos, generando incertidumbre sobre c\u00f3mo y d\u00f3nde se har\u00e1 su gesti\u00f3n a largo plazo. La comunidad cient\u00edfica y la sociedad en general se muestra preocupada por esta realidad, incluso se habla de que podr\u00eda tratarse de una medida contraproducente.<\/p>\n<p>Pese a este problema, el gobierno ha afianzado su compromiso de establecer un plan adecuado para el manejo de los residuos radioactivos. Se espera que aparezcan propuestas interesantes.<\/p>\n<h2>Espa\u00f1a dice adi\u00f3s para siempre a la energ\u00eda nuclear: esta es la raz\u00f3n<\/h2>\n<p>El gobierno de<strong> Espa\u00f1a<\/strong> ha tomado la decisi\u00f3n de desligarse de la <strong>energ\u00eda nuclear<\/strong> como parte de su estrategia para fomentar fuentes de energ\u00eda limpias y sostenibles y lograr la neutralidad de carbono para 2050. La principal cr\u00edtica que est\u00e1 recibiendo es la falta de un plan para el manejo de residuos. No obstante, el gobierno de<strong> Espa\u00f1a<\/strong> ya se ha comprometido a terminar con este problema.<\/p>\n<p>Ahora solo queda esperar para ver qu\u00e9 sucede con el plan que han prometido los altos mandos. Se espera que en los pr\u00f3ximos meses aparezcan propuestas sobre la mesa que convenzan a la comunidad cient\u00edfica y la sociedad civil.<\/p>\n<h2>Espa\u00f1a ampl\u00eda sus plazos para los proyectos renovables<\/h2>\n<p>Seg\u00fan informa \u201cReuters\u201d, <strong>Espa\u00f1a<\/strong> confirm\u00f3 tambi\u00e9n medidas energ\u00e9ticas que incluyen la ampliaci\u00f3n de los plazos para los proyectos renovables y el ajuste de las subastas renovables. La gesti\u00f3n de los residuos radioactivos y el desmantelamiento de las centrales, que tendr\u00e1n su cierre en 2027, tendr\u00e1n un coste de 20.200 millones de euros y se sufragar\u00e1 por un fondo apoyado por los operadores de las plantas.<\/p>\n<p>Entre las medidas que se van a tomar, tenemos las normas que rigen el desarrollo de proyectos nuevos centrados en energ\u00eda verde y las subastas de renovables. El gobierno lleg\u00f3 al acuerdo de ampliar los plazos administrativos clave para la generaci\u00f3n de nuevos proyectos. El plazo para conseguir un permiso de construcci\u00f3n ha aumentado 6 meses, hasta los 49. Las subastas de renovables podr\u00e1n incluir criterios cualitativos tomando en consideraci\u00f3n las normas sociales y medioambientales para \u201creconocer el valor a\u00f1adido de los productos europeos\u201d, inform\u00f3 el <strong>Ministerio de Energ\u00eda<\/strong> a trav\u00e9s de un comunicado.<\/p>\n<p>Con todos estos cambios, <strong>Espa\u00f1a<\/strong> est\u00e1 un paso m\u00e1s cerca de ser un pa\u00eds con mayor sostenibilidad.<\/p>\n","protected":false},"excerpt":{"rendered":"<p>Espa\u00f1a se desliga de la energ\u00eda nuclear, pero todav\u00eda queda un problema por zanjar. El gobierno ha anunciado su decisi\u00f3n &#8230; <\/p>\n<p class=\"read-more-container\"><a title=\"El gobierno lo confirma: Espa\u00f1a dejar\u00e1 la energ\u00eda nuclear, pero hay un gran problema por resolver\" class=\"read-more button\" href=\"https:\/\/www.ecoticias.com\/hoyeco\/energia-nuclear-problema-gobierno\/658\/#more-658\" aria-label=\"Leer m\u00e1s sobre El gobierno lo confirma: Espa\u00f1a dejar\u00e1 la energ\u00eda nuclear, pero hay un gran problema por resolver\">Read more<\/a><\/p>\n","protected":false},"author":3,"featured_media":677,"comment_status":"closed","ping_status":"closed","sticky":false,"template":"","format":"standard","meta":{"footnotes":""},"categories":[5],"tags":[],"class_list":["post-658","post","type-post","status-publish","format-standard","has-post-thumbnail","hentry","category-energia","resize-featured-image"],"_links":{"self":[{"href":"https:\/\/www.ecoticias.com\/hoyeco\/wp-json\/wp\/v2\/posts\/658","targetHints":{"allow":["GET"]}}],"collection":[{"href":"https:\/\/www.ecoticias.com\/hoyeco\/wp-json\/wp\/v2\/posts"}],"about":[{"href":"https:\/\/www.ecoticias.com\/hoyeco\/wp-json\/wp\/v2\/types\/post"}],"author":[{"embeddable":true,"href":"https:\/\/www.ecoticias.com\/hoyeco\/wp-json\/wp\/v2\/users\/3"}],"replies":[{"embeddable":true,"href":"https:\/\/www.ecoticias.com\/hoyeco\/wp-json\/wp\/v2\/comments?post=658"}],"version-history":[{"count":0,"href":"https:\/\/www.ecoticias.com\/hoyeco\/wp-json\/wp\/v2\/posts\/658\/revisions"}],"wp:featuredmedia":[{"embeddable":true,"href":"https:\/\/www.ecoticias.com\/hoyeco\/wp-json\/wp\/v2\/media\/677"}],"wp:attachment":[{"href":"https:\/\/www.ecoticias.com\/hoyeco\/wp-json\/wp\/v2\/media?parent=658"}],"wp:term":[{"taxonomy":"category","embeddable":true,"href":"https:\/\/www.ecoticias.com\/hoyeco\/wp-json\/wp\/v2\/categories?post=658"},{"taxonomy":"post_tag","embeddable":true,"href":"https:\/\/www.ecoticias.com\/hoyeco\/wp-json\/wp\/v2\/tags?post=658"}],"curies":[{"name":"wp","href":"https:\/\/api.w.org\/{rel}","templated":true}]}}