{"id":6857,"date":"2024-05-28T15:00:33","date_gmt":"2024-05-28T13:00:33","guid":{"rendered":"https:\/\/www.ecoticias.com\/hoyeco\/?p=6857"},"modified":"2024-05-28T15:00:33","modified_gmt":"2024-05-28T13:00:33","slug":"espana-830-mw-comunidades-autonomas","status":"publish","type":"post","link":"https:\/\/www.ecoticias.com\/hoyeco\/espana-830-mw-comunidades-autonomas\/6857\/","title":{"rendered":"El pol\u00e9mico proyecto de Espa\u00f1a para secar estos r\u00edos: 830 MW en estas tres comunidades aut\u00f3nomas"},"content":{"rendered":"<p><a href=\"https:\/\/www.ecoticias.com\/hoyeco\/espana-hidrogeno-y-nitrogeno\/6401\/\">Espa\u00f1a se encuentra afianzando a paso firme el camino hacia la sostenibilidad<\/a> para ponerle un freno a la crisis clim\u00e1tica y como parte de lo pactado para el a\u00f1o 2030 las empresas energ\u00e9ticas est\u00e1n haciendo grandes obras para generar energ\u00eda renovable. En este aspecto, hace unos d\u00edas<strong> se ha conocido un acuerdo que abastecer\u00e1 de 830 MV a tres comunidades aut\u00f3nomas<\/strong>.<\/p>\n<h2>\u00bfDe qu\u00e9 se trata el acuerdo firmado recientemente para comenzar una gran obra energ\u00e9tica en Espa\u00f1a?<\/h2>\n<p>Los primeros d\u00edas del mes de abril se pudo conocer la firma de un acuerdo entre dos grandes compa\u00f1\u00edas de energ\u00eda para la creaci\u00f3n de una colosal obra que abastecer\u00e1 de mayor potencia de energ\u00eda a una gran regi\u00f3n de Espa\u00f1a.<\/p>\n<p><strong>La construcci\u00f3n de dos centrales hidroel\u00e9ctricas de bombeo con una capacidad combinada de unos 830 MW<\/strong> se realizar\u00e1 pronto seg\u00fan confirmaron fuentes de las compa\u00f1\u00edas firmantes correspondientes a Capital Energy y Verbund.<\/p>\n<p>En el acuerdo se dispone claramente la divisi\u00f3n de tareas y las responsabilidades de cada grupo, por lo que Capital Energy se abocar\u00e1 a liderar la promoci\u00f3n de las plantas y Verbund por su parte, se ocupar\u00e1 de la construcci\u00f3n, dirigir la maniobra operativa y ofrecer el soporte t\u00e9cnico adecuado.<\/p>\n<p><strong>Ambas compa\u00f1\u00edas lideran el sector energ\u00e9tico renovable de Espa\u00f1a<\/strong> y cuentan con grandes proyectos algunos finalizados y otros en proceso que contemplan la energ\u00eda e\u00f3lica, fotovoltaica y ahora se juntan para hacer realidad las centrales hidroel\u00e9ctricas.<\/p>\n<h2>Antecedentes de Capital Energy y Verbund<\/h2>\n<p>Capital Energy es una firma de Espa\u00f1a que ya cuenta con un amplio historial en el sector de la energ\u00eda renovable con m\u00e1s de 20 a\u00f1os de funcionamiento en el pa\u00eds y con una cartera de proyectos e\u00f3licos y solares que ronda los 34 GW de potencia.<\/p>\n<p>Por su parte el Grupo Verbund con sede en Austria, que tiene<strong> el objetivo de cubrir el 25% de su generaci\u00f3n total de energ\u00eda renovable para el 2030<\/strong>, tiene presencia en Espa\u00f1a desde 2021 a trav\u00e9s de Verbund Green Power Iberia S.L.U.<\/p>\n<p>En la actualidad gestiona empresas fotovoltaicas y parques e\u00f3licos con una operatividad de que asciende a los 630 MW adem\u00e1s de operar m\u00e1s de 130 centrales hidroel\u00e9ctricas (siete de ellas de almacenamiento por bombeo) con una capacidad instalada de 8,4 GW.<\/p>\n<p>Sin embargo, esta alianza es la segunda de ambas empresas, contando el contrato de compraventa firmado en 2022 de<strong> cinco proyectos e\u00f3licos y solares ubicados en Andaluc\u00eda, Asturias y Extremadura de 171 MW<\/strong>.<\/p>\n<h2>Trascendidos posteriores a la firma<\/h2>\n<p>Si bien no ha trascendido m\u00e1s informaci\u00f3n sobre el lugar exacto de instalaci\u00f3n de las plantas, se ha podido conocer las primeras declaraciones posteriores a la firma del acuerdo por parte de las autoridades de ambos grupos.<\/p>\n<p>Seg\u00fan las palabras del director general de Capital Energy, Juan Jos\u00e9 S\u00e1nchez se mostr\u00f3 satisfecho con el acuerdo con Verbund demostrando as\u00ed<strong> su inter\u00e9s por la descarbonizaci\u00f3n de la econom\u00eda<\/strong> a trav\u00e9s de obras fotovoltaicas, parques e\u00f3licos e hidroel\u00e9ctricas.<\/p>\n<p>Por su parte, Enrique Barbudo, director general de Verbund Green Power Iberia coincidi\u00f3 con S\u00e1nchez en los objetivos sostenibles para limpiar las energ\u00edas con infraestructura de calidad, a trav\u00e9s de su aporte y experiencia en centrales hidroel\u00e9ctricas.<\/p>\n<p>Adicionalmente agreg\u00f3 que <strong>este acuerdo ratifica el compromiso con el despliegue de capacidad renovable en Espa\u00f1a<\/strong> para seguir construyendo m\u00e1s de los ambiciosos planes que han acordado dentro del marco del Plan Nacional Integrado de Energ\u00eda y Clima (PNIEC) del pa\u00eds.<\/p>\n<p>En este sentido, Capital Energy impulsa un proyecto industrial dentro de la Pen\u00ednsula Ib\u00e9rica y Espa\u00f1a en particular, cuyo objetivo final e<a href=\"https:\/\/www.ecoticias.com\/hoyeco\/paneles-solares-refugio-animales\/5731\/\">s lograr una transici\u00f3n energ\u00e9tica ecol\u00f3gica y justa <\/a>por las cuales pone a disposici\u00f3n toda su capacidad humana y tecnol\u00f3gica para el lograr el 100% de energ\u00edas renovables<\/p>\n<p>&nbsp;<\/p>\n","protected":false},"excerpt":{"rendered":"<p>Espa\u00f1a se encuentra afianzando a paso firme el camino hacia la sostenibilidad para ponerle un freno a la crisis clim\u00e1tica &#8230; <\/p>\n<p class=\"read-more-container\"><a title=\"El pol\u00e9mico proyecto de Espa\u00f1a para secar estos r\u00edos: 830 MW en estas tres comunidades aut\u00f3nomas\" class=\"read-more button\" href=\"https:\/\/www.ecoticias.com\/hoyeco\/espana-830-mw-comunidades-autonomas\/6857\/#more-6857\" aria-label=\"Leer m\u00e1s sobre El pol\u00e9mico proyecto de Espa\u00f1a para secar estos r\u00edos: 830 MW en estas tres comunidades aut\u00f3nomas\">Read more<\/a><\/p>\n","protected":false},"author":8,"featured_media":6858,"comment_status":"closed","ping_status":"closed","sticky":false,"template":"","format":"standard","meta":{"footnotes":""},"categories":[5],"tags":[],"class_list":["post-6857","post","type-post","status-publish","format-standard","has-post-thumbnail","hentry","category-energia","resize-featured-image"],"_links":{"self":[{"href":"https:\/\/www.ecoticias.com\/hoyeco\/wp-json\/wp\/v2\/posts\/6857","targetHints":{"allow":["GET"]}}],"collection":[{"href":"https:\/\/www.ecoticias.com\/hoyeco\/wp-json\/wp\/v2\/posts"}],"about":[{"href":"https:\/\/www.ecoticias.com\/hoyeco\/wp-json\/wp\/v2\/types\/post"}],"author":[{"embeddable":true,"href":"https:\/\/www.ecoticias.com\/hoyeco\/wp-json\/wp\/v2\/users\/8"}],"replies":[{"embeddable":true,"href":"https:\/\/www.ecoticias.com\/hoyeco\/wp-json\/wp\/v2\/comments?post=6857"}],"version-history":[{"count":0,"href":"https:\/\/www.ecoticias.com\/hoyeco\/wp-json\/wp\/v2\/posts\/6857\/revisions"}],"wp:featuredmedia":[{"embeddable":true,"href":"https:\/\/www.ecoticias.com\/hoyeco\/wp-json\/wp\/v2\/media\/6858"}],"wp:attachment":[{"href":"https:\/\/www.ecoticias.com\/hoyeco\/wp-json\/wp\/v2\/media?parent=6857"}],"wp:term":[{"taxonomy":"category","embeddable":true,"href":"https:\/\/www.ecoticias.com\/hoyeco\/wp-json\/wp\/v2\/categories?post=6857"},{"taxonomy":"post_tag","embeddable":true,"href":"https:\/\/www.ecoticias.com\/hoyeco\/wp-json\/wp\/v2\/tags?post=6857"}],"curies":[{"name":"wp","href":"https:\/\/api.w.org\/{rel}","templated":true}]}}