{"id":6955,"date":"2024-06-01T14:30:06","date_gmt":"2024-06-01T12:30:06","guid":{"rendered":"https:\/\/www.ecoticias.com\/hoyeco\/?p=6955"},"modified":"2024-06-01T14:30:06","modified_gmt":"2024-06-01T12:30:06","slug":"inquietud-ha-llegado-costa-espana","status":"publish","type":"post","link":"https:\/\/www.ecoticias.com\/hoyeco\/inquietud-ha-llegado-costa-espana\/6955\/","title":{"rendered":"Inquietud por lo que ha llegado a esta costa de Espa\u00f1a: no deber\u00eda estar ah\u00ed, y ha tardado siglos en llegar"},"content":{"rendered":"<p>Las acciones y emprendimientos en torno a la <a href=\"https:\/\/www.ecoticias.com\/hoyeco\/reciclaje-fraude-historico\/4864\/\">concientizaci\u00f3n de la problem\u00e1tica del cambio clim\u00e1tico en Espa\u00f1a<\/a> pueden ser de tono informativo como activo, y en algunos casos puede resultar pol\u00e9mica. Este es el caso de una iniciativa que<strong> explora a trav\u00e9s del arte ef\u00edmero y desde la m\u00e1s cruda realidad la inquietud del espectador por un material que ha llegado a la costa de Espa\u00f1a<\/strong>.<\/p>\n<h2>\u00bfQu\u00e9 ha llegado a la costa de Espa\u00f1a y ha causado pol\u00e9mica?<\/h2>\n<p>La pol\u00e9mica iniciativa de un equipo de navegantes exploradores hacia el sur de Groenlandia para concienciar de los efectos del cambio clim\u00e1tico ha sorprendido a m\u00e1s de un curioso, como al ap\u00e1tico y hasta fue blanco de cr\u00edticas por activistas ambientales.<\/p>\n<p>La<strong> llegada de un trozo de iceberg de m\u00e1s de 15.000 kilos<\/strong> durante el mes de septiembre pasado a las costas de M\u00e1laga fue parte de la misi\u00f3n Operaci\u00f3n Iceberg de la cual particip\u00f3 el equipo de la octava edici\u00f3n de la expedici\u00f3n Desaf\u00edo \u00c1rtico 2023.<\/p>\n<p>El motivo del traslado del fragmento de hielo hacia Espa\u00f1a fue para crear conciencia observando en primera persona el deshielo en pocas horas de lo que representar\u00eda la desaparici\u00f3n en pocos a\u00f1os de todo el glaciar \u00e1rtico, si no se toman medidas serias con respeto al calentamiento global.<\/p>\n<h2>Misi\u00f3n Desaf\u00edo \u00c1rtico 2023 en Espa\u00f1a<\/h2>\n<p>Un equipo liderado por el explorador Malague\u00f1o y presidente de Marat\u00f3nDog, Manuel Calvo Villena, parti\u00f3 en el mes de julio de 2023 junto a<strong> un grupo de adolescentes recuperados del C\u00e1ncer hacia Groenlandia<\/strong>, como reconocimiento de su lucha y esp\u00edritu de superaci\u00f3n.<\/p>\n<p>La traves\u00eda de m\u00e1s de 600 kil\u00f3metros tuvo objetivos cient\u00edficos, durante 16 d\u00edas se pudieron comprobar los efectos de las alteraciones climatol\u00f3gicas en el ecosistema glacial, as\u00ed como en su flora y su fauna.<\/p>\n<p>En total, el equipo que parti\u00f3 en una nave neum\u00e1tica pas\u00f3 por condiciones clim\u00e1ticas adversas, nieblas y lluvias que hicieron retrasar la expedici\u00f3n. Finalmente<strong> pudieron investigar en profundidad los glaciares<\/strong> Qoroq, Tasermiut y Caleraliq.<\/p>\n<p>El viaje fue documentado y filmado para que parte de la aventura se publique en la pel\u00edcula documental Desaf\u00edo \u00c1rtico &#8211; Operaci\u00f3n Iceberg y se recolectaron muestras biol\u00f3gicas para llevar a la Universidad de M\u00e1laga en Espa\u00f1a que se utilizar\u00e1n para experimentaci\u00f3n cient\u00edfica.<\/p>\n<p>Durante la expedici\u00f3n, el equipo que cont\u00f3 con el apoyo de la Diputaci\u00f3n de M\u00e1laga y la Fundaci\u00f3n Dingonatura <strong>obtuvo la licencia de exportaci\u00f3n del trozo de iceberg por parte del gobierno de Groenlandia<\/strong> con fines de estudio cient\u00edfico.<\/p>\n<h2>M\u00e1s detalles de la pol\u00e9mica muestra en Espa\u00f1a<\/h2>\n<p>La colosal porci\u00f3n de hielo de 15 toneladas estuvo viajando por mar sus 320 millas n\u00e1uticas durante dos meses en un contenedor a 22\u00b0 bajo 0 hasta su desembarco en Costa del Sol, en M\u00e1laga.<\/p>\n<p><strong>La misi\u00f3n Operaci\u00f3n Iceberg<\/strong> ha querido emular las acciones realizadas por la organizaci\u00f3n cient\u00edfica Artic Basecamp quienes durante la Cumbre del Clima 2026 desplegaron un iceberg en el r\u00edo Clyde de Glasgow.<\/p>\n<p>O la famosa obra del artista dan\u00e9s Olafur Eliasson y el ge\u00f3logo Minik Rosing que hicieron lo propio en las ciudades de Copenhague, Londres y Par\u00eds. Todas estas demostraciones tuvieron lugar para despertar la conciencia mundial de la crisis clim\u00e1tica.<\/p>\n<p>En especial, son declaraciones o pedidos de acci\u00f3n urgente hacia los gobiernos y naciones para<strong> instarlos en la urgencia de aplicar pol\u00edticas reales que promuevan un freno al desastre clim\u00e1tico<\/strong>. Sin embargo, tambi\u00e9n tuvo su contrapartida desde el movimiento Ecologistas en Acci\u00f3n.<\/p>\n<p>Los activistas en Espa\u00f1a criticaron duramente la iniciativa poniendo el \u00e9nfasis en que el hecho no hac\u00eda m\u00e1s que agravar la situaci\u00f3n, y que el traslado <a href=\"https:\/\/www.ecoticias.com\/hoyeco\/calima-espana-nuevo-fenomeno\/5148\/\">ocasion\u00f3 m\u00e1s contaminaci\u00f3n<\/a> que se pod\u00eda haber evitado con otra clase de exposici\u00f3n. Ante estas declaraciones, Calvo Villenas afirm\u00f3 estar muy satisfecho con la muestra y que invertir\u00e1n en una plantaci\u00f3n de \u00e1rboles para mitigar las emisiones del viaje.<\/p>\n","protected":false},"excerpt":{"rendered":"<p>Las acciones y emprendimientos en torno a la concientizaci\u00f3n de la problem\u00e1tica del cambio clim\u00e1tico en Espa\u00f1a pueden ser de &#8230; <\/p>\n<p class=\"read-more-container\"><a title=\"Inquietud por lo que ha llegado a esta costa de Espa\u00f1a: no deber\u00eda estar ah\u00ed, y ha tardado siglos en llegar\" class=\"read-more button\" href=\"https:\/\/www.ecoticias.com\/hoyeco\/inquietud-ha-llegado-costa-espana\/6955\/#more-6955\" aria-label=\"Leer m\u00e1s sobre Inquietud por lo que ha llegado a esta costa de Espa\u00f1a: no deber\u00eda estar ah\u00ed, y ha tardado siglos en llegar\">Read more<\/a><\/p>\n","protected":false},"author":8,"featured_media":6956,"comment_status":"closed","ping_status":"closed","sticky":false,"template":"","format":"standard","meta":{"footnotes":""},"categories":[2],"tags":[],"class_list":["post-6955","post","type-post","status-publish","format-standard","has-post-thumbnail","hentry","category-actualidad","resize-featured-image"],"_links":{"self":[{"href":"https:\/\/www.ecoticias.com\/hoyeco\/wp-json\/wp\/v2\/posts\/6955","targetHints":{"allow":["GET"]}}],"collection":[{"href":"https:\/\/www.ecoticias.com\/hoyeco\/wp-json\/wp\/v2\/posts"}],"about":[{"href":"https:\/\/www.ecoticias.com\/hoyeco\/wp-json\/wp\/v2\/types\/post"}],"author":[{"embeddable":true,"href":"https:\/\/www.ecoticias.com\/hoyeco\/wp-json\/wp\/v2\/users\/8"}],"replies":[{"embeddable":true,"href":"https:\/\/www.ecoticias.com\/hoyeco\/wp-json\/wp\/v2\/comments?post=6955"}],"version-history":[{"count":0,"href":"https:\/\/www.ecoticias.com\/hoyeco\/wp-json\/wp\/v2\/posts\/6955\/revisions"}],"wp:featuredmedia":[{"embeddable":true,"href":"https:\/\/www.ecoticias.com\/hoyeco\/wp-json\/wp\/v2\/media\/6956"}],"wp:attachment":[{"href":"https:\/\/www.ecoticias.com\/hoyeco\/wp-json\/wp\/v2\/media?parent=6955"}],"wp:term":[{"taxonomy":"category","embeddable":true,"href":"https:\/\/www.ecoticias.com\/hoyeco\/wp-json\/wp\/v2\/categories?post=6955"},{"taxonomy":"post_tag","embeddable":true,"href":"https:\/\/www.ecoticias.com\/hoyeco\/wp-json\/wp\/v2\/tags?post=6955"}],"curies":[{"name":"wp","href":"https:\/\/api.w.org\/{rel}","templated":true}]}}