{"id":7195,"date":"2024-06-06T14:30:56","date_gmt":"2024-06-06T12:30:56","guid":{"rendered":"https:\/\/www.ecoticias.com\/hoyeco\/?p=7195"},"modified":"2024-06-06T14:30:56","modified_gmt":"2024-06-06T12:30:56","slug":"espana-generador-energia-300-twh","status":"publish","type":"post","link":"https:\/\/www.ecoticias.com\/hoyeco\/espana-generador-energia-300-twh\/7195\/","title":{"rendered":"Espa\u00f1a enciende este generador de \u00abenerg\u00eda prohibida\u00bb: 20 a\u00f1os de electricidad y 300 TWh"},"content":{"rendered":"<p>Un hito alcanzado por la <strong>Asociaci\u00f3n Nuclear Asc\u00f3 Vandell\u00f3s (ANAV)<\/strong> fue noticia recientemente tras publicar la cifra de generaci\u00f3n de energ\u00eda de una de sus plantas que provee de <a href=\"https:\/\/www.ecoticias.com\/hoyeco\/energia-geotermia-espana-canarias\/6885\/\">electricidad sin emisiones de carbono<\/a>. De esta manera, se convierte en la cuarta instalaci\u00f3n el\u00e9ctrica en alcanzar grandes magnitudes de energ\u00eda a la red de Espa\u00f1a.<\/p>\n<h2>\u00bfCu\u00e1l es el generador de energ\u00eda que alcanz\u00f3 cifras descomunales de electricidad en Espa\u00f1a?<\/h2>\n<p>Ubicada por detr\u00e1s de las dos unidades de la central nuclear de Almaraz en C\u00e1ceres y de la central nuclear de Cofrentes centrada en Valencia, la primera de esta planta cumpli\u00f3 en agosto pasado sus 40 a\u00f1os y as\u00ed ha pasado a la denominada operaci\u00f3n de largo plazo.<\/p>\n<p>Es<strong> la unidad 1 de la central nuclear Asc\u00f3 la que alcanz\u00f3 la cifra de 300.000 GWh de electricidad<\/strong> volcada a la red p\u00fablica lo que equivale al consumo de la ciudad de Barcelona durante 23 a\u00f1os consecutivos y que recientemente hab\u00eda sido noticia por haber cumplimentado los 30 ciclos.<\/p>\n<p>De esta forma, los tres reactores que componen la central de ANAV suman 875.000 GWh desde el inicio, que configura un total de energ\u00eda consumida por m\u00e1s de 18 millones de hogares en Espa\u00f1a durante 13 a\u00f1os.<\/p>\n<p>La asociaci\u00f3n ha mostrado su orgullo por la operaci\u00f3n segura de sus reactores en los que invierte de manera anual<strong> m\u00e1s de 30 millones de euros para mejorar y renovar su sistema<\/strong> y sus componentes que ya han pasado por una generaci\u00f3n y muchos de ellos ya nos son los originales.<\/p>\n<h2>Beneficios econ\u00f3micos y ecol\u00f3gicos para Catalu\u00f1a<\/h2>\n<p>La planta de Asc\u00f3 ofrece energ\u00eda a la red el\u00e9ctrica y cubre la demanda del 30% de los hogares de Catalu\u00f1a y la energ\u00eda proveniente de la planta corresponde al 60% de electricidad, valores que representan un significativo ahorro econ\u00f3mico y en emisiones de efecto invernadero.<\/p>\n<p>En este sentido, <strong>esta energ\u00eda exenta de emisiones a la atm\u00f3sfera ha permitido un ahorro de 198 millones de toneladas de carbono<\/strong>. Juntos los tres reactores suman 575 millones de toneladas de CO2 menos de contaminaci\u00f3n, cifra que equivale al total de la emisi\u00f3n producida en Espa\u00f1a por m\u00e1s dos a\u00f1os.<\/p>\n<p>Durante estos cuarenta a\u00f1os la central nuclear ha aportado estabilidad el\u00e9ctrica a la red gracias a un elemento clave que le es propia y que coincide con su factor de carga, es decir, la diferencia que existe entre el porcentaje de la energ\u00eda emitida al 100% de su funcionamiento y el actual.<\/p>\n<p>En este contexto, <strong>su factor de carga global es superior al 84%<\/strong>. Juntos los tres reactores a largo plazo operados por ANAV Asc\u00f3 y Vandell\u00f3s II suman 875.000 GWh a la red el\u00e9ctrica. Solo durante 2023 la central cubri\u00f3 el 8,8% de la demanda de energ\u00eda el\u00e9ctrica en Espa\u00f1a y hasta el 59% en Catalu\u00f1a.<\/p>\n<h2>M\u00e1s datos de la central nuclear Asc\u00f3<\/h2>\n<p>La central nuclear Asc\u00f3 situada en Tarragona Espa\u00f1a, al margen derecho del r\u00edo Ebro recientemente ha conseguido de parte del Consejo de Seguridad Nuclear CSN la renovaci\u00f3n de explotaci\u00f3n hasta el a\u00f1o 2030, luego de pasar por una evaluaci\u00f3n exhaustiva de seguridad.<\/p>\n<p>Desde las autoridades de la asociaci\u00f3n <strong>han confirmado la estabilidad y continuidad de las plantas<\/strong> en proveer de energ\u00eda segura y verde a la red el\u00e9ctrica espa\u00f1ola, y que a\u00f1o a a\u00f1o se superan las inversiones para optimizar el sistema de funcionamiento.<\/p>\n<p>Recordemos que es la primera de las tres plantas operadas por ANAV, que cumpli\u00f3 sus cuarenta a\u00f1os en agosto pasado y hasta esa fecha hab\u00eda suministrado a la red local la cifra de 293,8 TWh. Y hoy ha conseguido sobrepasar los valores esperados<\/p>\n<p>Durante los a\u00f1os de actividad<strong> han transitado un completo relevo generacional<\/strong> y cada operaci\u00f3n de mantenimiento recibe operarios de la zona para que la planta siga ofreciendo su pleno funcionamiento. Todos estos datos demuestran que<a href=\"https:\/\/www.ecoticias.com\/sostenibilidad\/178817_espana-vincula-decision-sobre-futuro-nucleares\"> la energ\u00eda nuclear en Espa\u00f1a es segura y limpia<\/a> y puede ofrecer mayores beneficios econ\u00f3micos que se trasladan a las facturas de luz.<\/p>\n<p>&nbsp;<\/p>\n","protected":false},"excerpt":{"rendered":"<p>Un hito alcanzado por la Asociaci\u00f3n Nuclear Asc\u00f3 Vandell\u00f3s (ANAV) fue noticia recientemente tras publicar la cifra de generaci\u00f3n de &#8230; <\/p>\n<p class=\"read-more-container\"><a title=\"Espa\u00f1a enciende este generador de \u00abenerg\u00eda prohibida\u00bb: 20 a\u00f1os de electricidad y 300 TWh\" class=\"read-more button\" href=\"https:\/\/www.ecoticias.com\/hoyeco\/espana-generador-energia-300-twh\/7195\/#more-7195\" aria-label=\"Leer m\u00e1s sobre Espa\u00f1a enciende este generador de \u00abenerg\u00eda prohibida\u00bb: 20 a\u00f1os de electricidad y 300 TWh\">Read more<\/a><\/p>\n","protected":false},"author":8,"featured_media":7196,"comment_status":"closed","ping_status":"closed","sticky":false,"template":"","format":"standard","meta":{"footnotes":""},"categories":[5],"tags":[],"class_list":["post-7195","post","type-post","status-publish","format-standard","has-post-thumbnail","hentry","category-energia","resize-featured-image"],"_links":{"self":[{"href":"https:\/\/www.ecoticias.com\/hoyeco\/wp-json\/wp\/v2\/posts\/7195","targetHints":{"allow":["GET"]}}],"collection":[{"href":"https:\/\/www.ecoticias.com\/hoyeco\/wp-json\/wp\/v2\/posts"}],"about":[{"href":"https:\/\/www.ecoticias.com\/hoyeco\/wp-json\/wp\/v2\/types\/post"}],"author":[{"embeddable":true,"href":"https:\/\/www.ecoticias.com\/hoyeco\/wp-json\/wp\/v2\/users\/8"}],"replies":[{"embeddable":true,"href":"https:\/\/www.ecoticias.com\/hoyeco\/wp-json\/wp\/v2\/comments?post=7195"}],"version-history":[{"count":0,"href":"https:\/\/www.ecoticias.com\/hoyeco\/wp-json\/wp\/v2\/posts\/7195\/revisions"}],"wp:featuredmedia":[{"embeddable":true,"href":"https:\/\/www.ecoticias.com\/hoyeco\/wp-json\/wp\/v2\/media\/7196"}],"wp:attachment":[{"href":"https:\/\/www.ecoticias.com\/hoyeco\/wp-json\/wp\/v2\/media?parent=7195"}],"wp:term":[{"taxonomy":"category","embeddable":true,"href":"https:\/\/www.ecoticias.com\/hoyeco\/wp-json\/wp\/v2\/categories?post=7195"},{"taxonomy":"post_tag","embeddable":true,"href":"https:\/\/www.ecoticias.com\/hoyeco\/wp-json\/wp\/v2\/tags?post=7195"}],"curies":[{"name":"wp","href":"https:\/\/api.w.org\/{rel}","templated":true}]}}