{"id":7527,"date":"2024-06-15T15:00:12","date_gmt":"2024-06-15T13:00:12","guid":{"rendered":"https:\/\/www.ecoticias.com\/hoyeco\/?p=7527"},"modified":"2024-06-15T15:00:12","modified_gmt":"2024-06-15T13:00:12","slug":"autopista-electrica-espana-portugal","status":"publish","type":"post","link":"https:\/\/www.ecoticias.com\/hoyeco\/autopista-electrica-espana-portugal\/7527\/","title":{"rendered":"La autopista el\u00e9ctrica de Espa\u00f1a que Portugal nos quiere quitar: perdemos el 30 % de nuestra energ\u00eda"},"content":{"rendered":"<p>Con el objetivo de incrementar la capacidad energ\u00e9tica de Espa\u00f1a y Portugal, facilitar el intercambio de electricidad, favorecer la producci\u00f3n de energ\u00edas renovables y <a href=\"https:\/\/www.ecoticias.com\/hoyeco\/paneles-solares-electricidad-gratis\/6833\/\">reducir las emisiones de carbono<\/a>,<strong> la autopista el\u00e9ctrica que unir\u00e1 a ambos pa\u00edses ya tiene aprobada su licencia<\/strong>. Esta importante obra acerca los objetivos del Plan Nacional Integrado de Energ\u00eda y Clima de Europa (PNIEC)<\/p>\n<h2>La autopista el\u00e9ctrica que unir\u00e1 Espa\u00f1a y Portugal<\/h2>\n<p>La infraestructura que pronto comenzar\u00e1 a funcionar es parte de la Planificaci\u00f3n de la Red de Transporte de Electricidad 2021-2026 conforme al fomento el cambio energ\u00e9tico de Europa. Adem\u00e1s, est\u00e1 declarado proyecto de inter\u00e9s com\u00fan para la Uni\u00f3n Europea (PIC) para reforzar el suministro el\u00e9ctrico.<\/p>\n<p>De esta forma<strong>, la Interconexi\u00f3n Espa\u00f1a\u2013Portugal Norte ser\u00e1 la autopista el\u00e9ctrica<\/strong> que distribuya e intercambie electricidad entre los dos pa\u00edses para fortalecer la capacidad energ\u00e9tica de la regi\u00f3n e incluir las energ\u00edas renovables en el sistema de la red<\/p>\n<p>Con la aprobaci\u00f3n de la Declaraci\u00f3n de Impacto Ambiental (DIA) otorgado por el Ministerio para la Transici\u00f3n Ecol\u00f3gica y el Reto Demogr\u00e1fico, el proyecto tiene luz verde para aumentar la conectividad y el modelo energ\u00e9tico de Europa.<\/p>\n<p>Se espera que este intercambio<strong> represente un ahorro anual estimado en 22 millones de euros<\/strong> al sistema el\u00e9ctrico, lo que favorecer\u00e1 a la reducci\u00f3n de las emisiones de CO2 en 150 millones de toneladas al a\u00f1o<\/p>\n<h2>Bases del proyecto de la autopista el\u00e9ctrica Espa\u00f1a-Portugal<\/h2>\n<p>El trazado del proyecto ha respondido a las necesidades sociales, ambientales y t\u00e9cnicas de la regi\u00f3n y al an\u00e1lisis de las consultas de las administraciones de ambos territorios. En tal forma, se establece la interconexi\u00f3n transfronteriza entre los municipios de Arbo (Pontevedra) y Mon\u00e7\u00e4o (Viana do Castelo)<\/p>\n<p>La misi\u00f3n de esta megaestructura es la de<strong> incrementar la capacidad de intercambio el\u00e9ctrico entre los pa\u00edses en unos 1.000 MW<\/strong> y alcanzar el objetivo de 4.200 MW de Espa\u00f1a a Portugal y de 3.500 MW de Portugal a Espa\u00f1a.<\/p>\n<p>El factor m\u00e1s importante para la inclusi\u00f3n de las energ\u00edas renovables es que esta autopista el\u00e9ctrica aumentar\u00e1 la integraci\u00f3n de otras formas de captaci\u00f3n energ\u00e9tica m\u00e1s sostenibles en un 239 GWh\/a\u00f1o, favoreciendo el crecimiento de este sector m\u00e1s amigable con la ecolog\u00eda.<\/p>\n<p>La mayor obra de energ\u00eda en territorio gallego cuenta con<strong> una inversi\u00f3n de 55 millones de euros,<\/strong> que con la absorci\u00f3n de electricidad limpia a la red evitar\u00e1 la p\u00e9rdida de excedentes y se reflejar\u00e1 el ahorro en las boletas de luz.<\/p>\n<h2>Situaci\u00f3n actual del proyecto transfronterizo<\/h2>\n<p>La Red El\u00e9ctrica de Espa\u00f1a (REE,) el operador del transporte de la electricidad y promotor de la infraestructura prev\u00e9 la construcci\u00f3n de la autopista el\u00e9ctrica que se constituir\u00e1 con las subestaciones de Bear\u00edz 400 kV y Fontefr\u00eda 400\/220 kV,<\/p>\n<p>Adicionalmente,<strong> se construir\u00e1n dos nuevas l\u00edneas a 400 kV<\/strong>, una de conexi\u00f3n entre las dos subestaciones de 30 km de longitud de, y la l\u00ednea de interconexi\u00f3n entre Fontefr\u00eda y la frontera con Portugal de 21,7 km, todo en el lado espa\u00f1ol.<\/p>\n<p>Por su parte, el tramo portugu\u00e9s, contar\u00e1 con una longitud aproximada de 66 km, que continuar\u00e1 desde el punto de paso por la frontera hasta la subestaci\u00f3n de Ponte de Lima. Sin embargo, el proyecto del lado luso a\u00fan espera las aprobaciones correspondientes.<\/p>\n<p>El <strong>aumento de la producci\u00f3n de electricidad proveniente de fuentes renovables<\/strong> ha venido aumentando durante los \u00faltimos a\u00f1os, m\u00e1s en Espa\u00f1a que en Portugal, pero se espera que con la interconexi\u00f3n de la autopista el\u00e9ctrica las cifras contin\u00faen en ascenso.<\/p>\n<p>El convenio entre las autoridades de ambos gobiernos y la confirmaci\u00f3n de la Direcci\u00f3n General de Calidad y Evaluaci\u00f3n Ambiental confirman el fortalecimiento del m\u00fasculo energ\u00e9tico com\u00fan de Espa\u00f1a y Portugal con esta autopista el\u00e9ctrica que integrar\u00e1 las energ\u00edas limpias para avanzar hacia la transici\u00f3n de un <a href=\"https:\/\/www.ecoticias.com\/hoyeco\/panel-solar-mas-futurista-del-mundo\/6787\/\">modelo descarbonizado y de facturas de luz m\u00e1s asequibles.<\/a><\/p>\n<p>&nbsp;<\/p>\n","protected":false},"excerpt":{"rendered":"<p>Con el objetivo de incrementar la capacidad energ\u00e9tica de Espa\u00f1a y Portugal, facilitar el intercambio de electricidad, favorecer la producci\u00f3n &#8230; <\/p>\n<p class=\"read-more-container\"><a title=\"La autopista el\u00e9ctrica de Espa\u00f1a que Portugal nos quiere quitar: perdemos el 30 % de nuestra energ\u00eda\" class=\"read-more button\" href=\"https:\/\/www.ecoticias.com\/hoyeco\/autopista-electrica-espana-portugal\/7527\/#more-7527\" aria-label=\"Leer m\u00e1s sobre La autopista el\u00e9ctrica de Espa\u00f1a que Portugal nos quiere quitar: perdemos el 30 % de nuestra energ\u00eda\">Read more<\/a><\/p>\n","protected":false},"author":8,"featured_media":7560,"comment_status":"closed","ping_status":"closed","sticky":false,"template":"","format":"standard","meta":{"footnotes":""},"categories":[6],"tags":[],"class_list":["post-7527","post","type-post","status-publish","format-standard","has-post-thumbnail","hentry","category-movilidad","resize-featured-image"],"_links":{"self":[{"href":"https:\/\/www.ecoticias.com\/hoyeco\/wp-json\/wp\/v2\/posts\/7527","targetHints":{"allow":["GET"]}}],"collection":[{"href":"https:\/\/www.ecoticias.com\/hoyeco\/wp-json\/wp\/v2\/posts"}],"about":[{"href":"https:\/\/www.ecoticias.com\/hoyeco\/wp-json\/wp\/v2\/types\/post"}],"author":[{"embeddable":true,"href":"https:\/\/www.ecoticias.com\/hoyeco\/wp-json\/wp\/v2\/users\/8"}],"replies":[{"embeddable":true,"href":"https:\/\/www.ecoticias.com\/hoyeco\/wp-json\/wp\/v2\/comments?post=7527"}],"version-history":[{"count":0,"href":"https:\/\/www.ecoticias.com\/hoyeco\/wp-json\/wp\/v2\/posts\/7527\/revisions"}],"wp:featuredmedia":[{"embeddable":true,"href":"https:\/\/www.ecoticias.com\/hoyeco\/wp-json\/wp\/v2\/media\/7560"}],"wp:attachment":[{"href":"https:\/\/www.ecoticias.com\/hoyeco\/wp-json\/wp\/v2\/media?parent=7527"}],"wp:term":[{"taxonomy":"category","embeddable":true,"href":"https:\/\/www.ecoticias.com\/hoyeco\/wp-json\/wp\/v2\/categories?post=7527"},{"taxonomy":"post_tag","embeddable":true,"href":"https:\/\/www.ecoticias.com\/hoyeco\/wp-json\/wp\/v2\/tags?post=7527"}],"curies":[{"name":"wp","href":"https:\/\/api.w.org\/{rel}","templated":true}]}}