{"id":7760,"date":"2024-06-24T15:30:15","date_gmt":"2024-06-24T13:30:15","guid":{"rendered":"https:\/\/www.ecoticias.com\/hoyeco\/?p=7760"},"modified":"2024-06-24T15:30:15","modified_gmt":"2024-06-24T13:30:15","slug":"reino-unido-espana-energia-verde","status":"publish","type":"post","link":"https:\/\/www.ecoticias.com\/hoyeco\/reino-unido-espana-energia-verde\/7760\/","title":{"rendered":"Reino Unido alerta a Espa\u00f1a con la misteriosa \u00abenerg\u00eda verde\u00bb: estamos cometiendo este grave error al producirla"},"content":{"rendered":"<p>Espa\u00f1a posee la segunda mayor infraestructura de energ\u00eda <a href=\"https:\/\/www.ecoticias.com\/hoyeco\/energia-6000-millones-litros-agua\/6192\/\">renovable<\/a> de Europa, solo por detr\u00e1s de Suecia. Esto se ha debido a una gran y continua inversi\u00f3n en fuentes e\u00f3licas y fotovoltaicas. Pero, esto no parece ser bueno, de acuerdo al an\u00e1lisis que ha hecho el Reino Unido. Veamos de qu\u00e9 trata.<\/p>\n<h2>La energ\u00eda verde: una apuesta fuerte y en crecimiento de Espa\u00f1a<\/h2>\n<p>En nuestro pa\u00eds se ha puesto muy de moda la energ\u00eda verde, como una alternativa contra el cambio clim\u00e1tico y la emisi\u00f3n de gases de efecto invernadero. Por otro lado, ha sido una excelente opci\u00f3n contra los altos precios de la electricidad, tanto a nivel del usuario como del ciudadano com\u00fan.<\/p>\n<p>Pero \u00bfc\u00f3mo es la situaci\u00f3n a nivel nacional? Pues la verdad no es muy diferente, la construcci\u00f3n de parques fotovoltaicos y e\u00f3licos ha sido el norte hacia donde apuntan la <strong>gran mayor\u00eda de las inversiones gubernamentales<\/strong>. En tierra firme y en el mar, esta tendencia va en crecimiento.<\/p>\n<h2>Lo que dicen los brit\u00e1nicos de este crecimiento<\/h2>\n<p>A trav\u00e9s de la prestigiosa cadena televisiva BBC de Londres, el Reino Unido ha hecho un an\u00e1lisis que dice que Espa\u00f1a est\u00e1 al borde de un abismo por un conflicto de <strong>desequilibrio entre la demanda y la oferta de electricidad<\/strong>, puesto que los precios van disminuyendo de forma alarmante.<\/p>\n<p>Aunque a primera vista esta tendencia pareciera ser buena, en la pr\u00e1ctica no es as\u00ed. Es necesario mantener un equilibrio constante entre la oferta y la demanda, sobre todo por un exceso de la primera, lo que afecta la econom\u00eda.<\/p>\n<p>En este sentido, al no haber salida para la producci\u00f3n de electricidad, solo quedan dos caminos: o se reduce la oferta disminuyendo la generaci\u00f3n o los precios bajan hasta niveles rid\u00edculos. Cualquiera de las dos opciones es perjudicial, ya que afecta una de las industrias b\u00e1sicas del pa\u00eds.<\/p>\n<p>Es decir, Espa\u00f1a terminar\u00eda por irse al precipicio por haber invertido muchos recursos en energ\u00edas ecol\u00f3gicas. Contin\u00faa el an\u00e1lisis se\u00f1alando que la econom\u00eda espa\u00f1ola ha sido una de las principales en recuperarse satisfactoriamente del impacto causado por el coronavirus en el a\u00f1o 2020.<\/p>\n<p>Sin embargo, la demanda el\u00e9ctrica ha ido disminuyendo en los a\u00f1os posteriores a la epidemia, tal y como lo declara a la BBC Miguel de la Torre Rodr\u00edguez, quien desempe\u00f1a el cargo de jefe de desarrollo de sistemas de Red El\u00e9ctrica.<\/p>\n<p>Al especto dice que hasta el a\u00f1o 2005, cuando el Producto Interno Bruto (PIB) crec\u00eda, el consumo de electricidad aumentaba a un ritmo mayor que la tasa de crecimiento del PIB. Pero a partir de ese a\u00f1o, esta demanda el\u00e9ctrica comenz\u00f3 a retroceder de manera lenta pero sostenida.<\/p>\n<p>Lo cual se ve agravado por el constante aumento en la producci\u00f3n de energ\u00eda verde. Por lo tanto, estamos en presencia de una desvinculaci\u00f3n de la electricidad convencional de la econom\u00eda nacional. Lo cual implica que se tiene un super\u00e1vit de generaci\u00f3n en ciertas horas.<\/p>\n<h2>\u00bfQu\u00e9 consecuencia trae este exceso de generaci\u00f3n?<\/h2>\n<p>Lo m\u00e1s inmediato cuando se rompe el equilibrio de que la generaci\u00f3n debe ser igual a la demanda, es que durante las horas que esto ocurra, los precios bajar\u00e1n. D\u00e1ndose el caso de que, durante ciertos periodos, <strong>estos pudiesen ser cero o incluso negativos<\/strong>.<\/p>\n<p>Estos bajos precios har\u00e1n dif\u00edcil que los inversores vean a Espa\u00f1a como un mercado energ\u00e9tico atractivo, incluso en lo referente a fuentes renovables. Lo cual, seguramente, va a obstaculizar la ansiada transici\u00f3n hacia la energ\u00eda verde renovable que es la meta para el 2040.<\/p>\n<p>Como te habr\u00e1s dado cuenta, desde el punto de vista econ\u00f3mico no siempre es bueno poseer una <a href=\"https:\/\/www.ecoticias.com\/hoyeco\/inversion-nueva-energia\/7521\/\">infraestructura<\/a> de energ\u00eda verde que sea s\u00f3lida y productiva. Ya que se corre el riesgo de producir un exceso frente a la demanda real. Lo prudente es crecer en renovables, pero de una forma planificada.<\/p>\n","protected":false},"excerpt":{"rendered":"<p>Espa\u00f1a posee la segunda mayor infraestructura de energ\u00eda renovable de Europa, solo por detr\u00e1s de Suecia. Esto se ha debido &#8230; <\/p>\n<p class=\"read-more-container\"><a title=\"Reino Unido alerta a Espa\u00f1a con la misteriosa \u00abenerg\u00eda verde\u00bb: estamos cometiendo este grave error al producirla\" class=\"read-more button\" href=\"https:\/\/www.ecoticias.com\/hoyeco\/reino-unido-espana-energia-verde\/7760\/#more-7760\" aria-label=\"Leer m\u00e1s sobre Reino Unido alerta a Espa\u00f1a con la misteriosa \u00abenerg\u00eda verde\u00bb: estamos cometiendo este grave error al producirla\">Read more<\/a><\/p>\n","protected":false},"author":6,"featured_media":7791,"comment_status":"closed","ping_status":"closed","sticky":false,"template":"","format":"standard","meta":{"footnotes":""},"categories":[5],"tags":[],"class_list":["post-7760","post","type-post","status-publish","format-standard","has-post-thumbnail","hentry","category-energia","resize-featured-image"],"_links":{"self":[{"href":"https:\/\/www.ecoticias.com\/hoyeco\/wp-json\/wp\/v2\/posts\/7760","targetHints":{"allow":["GET"]}}],"collection":[{"href":"https:\/\/www.ecoticias.com\/hoyeco\/wp-json\/wp\/v2\/posts"}],"about":[{"href":"https:\/\/www.ecoticias.com\/hoyeco\/wp-json\/wp\/v2\/types\/post"}],"author":[{"embeddable":true,"href":"https:\/\/www.ecoticias.com\/hoyeco\/wp-json\/wp\/v2\/users\/6"}],"replies":[{"embeddable":true,"href":"https:\/\/www.ecoticias.com\/hoyeco\/wp-json\/wp\/v2\/comments?post=7760"}],"version-history":[{"count":0,"href":"https:\/\/www.ecoticias.com\/hoyeco\/wp-json\/wp\/v2\/posts\/7760\/revisions"}],"wp:featuredmedia":[{"embeddable":true,"href":"https:\/\/www.ecoticias.com\/hoyeco\/wp-json\/wp\/v2\/media\/7791"}],"wp:attachment":[{"href":"https:\/\/www.ecoticias.com\/hoyeco\/wp-json\/wp\/v2\/media?parent=7760"}],"wp:term":[{"taxonomy":"category","embeddable":true,"href":"https:\/\/www.ecoticias.com\/hoyeco\/wp-json\/wp\/v2\/categories?post=7760"},{"taxonomy":"post_tag","embeddable":true,"href":"https:\/\/www.ecoticias.com\/hoyeco\/wp-json\/wp\/v2\/tags?post=7760"}],"curies":[{"name":"wp","href":"https:\/\/api.w.org\/{rel}","templated":true}]}}