{"id":7814,"date":"2024-06-25T15:30:42","date_gmt":"2024-06-25T13:30:42","guid":{"rendered":"https:\/\/www.ecoticias.com\/hoyeco\/?p=7814"},"modified":"2024-06-25T15:30:42","modified_gmt":"2024-06-25T13:30:42","slug":"vehiculo-combustible-pliega","status":"publish","type":"post","link":"https:\/\/www.ecoticias.com\/hoyeco\/vehiculo-combustible-pliega\/7814\/","title":{"rendered":"El veh\u00edculo m\u00e1s futurista de la historia, y sin combustible: se pliega y se extiende en 30 segundos"},"content":{"rendered":"<p>Cuando nos referimos al veh\u00edculo m\u00e1s futurista de la historia porque no usa <a href=\"https:\/\/www.ecoticias.com\/hoyeco\/combustible-coches-invento\/7006\/\">combustible<\/a> de ning\u00fan tipo y no produce emisiones, nos referimos a la bicicleta. Pero en esta oportunidad hablaremos sobre un accesorio de suma importancia: el casco, y presentaremos uno muy especial.<\/p>\n<h2>Un casco de bicicleta que es microplegable<\/h2>\n<p>Los accesorios de seguridad para ser utilizados por los ciclistas son un mundo que siempre est\u00e1 en evoluci\u00f3n, con el fin de proteger a quienes montan bicicleta con estilo y comodidad. En esta oportunidad te traemos un casco microplegable inflable que se puede transportar muy c\u00f3modamente.<\/p>\n<p>Es tan revolucionario que, en s\u00ed mismo, es como un veh\u00edculo futurista. Fue inventado y fabricado por Ventete, una empresa ubicada en Londres que se especializa en el dise\u00f1o y elaboraci\u00f3n de bicicletas y elementos de seguridad para ellas. El producto se llama Ventete aH-1 y ya es de gran inter\u00e9s.<\/p>\n<h2>\u00bfUn casco como veh\u00edculo futurista?<\/h2>\n<p>Este casco est\u00e1 formado por una serie de costillas inflables, aunque <strong>cada una es como un compartimiento independiente<\/strong>. Al desinflarse, se puede plegar de manera plana, alcanzando el grosor de un ordenador port\u00e1til, por lo que es muy f\u00e1cil de llevar en una mochila.<\/p>\n<p>En el momento en que se necesita, se puede inflar mediante una peque\u00f1a bomba el\u00e9ctrica que cabe en un bolsillo. El tiempo que lleva convertirse en un casco totalmente funcional es de solo 30 segundos, lo que ofrece una opci\u00f3n muy pr\u00e1ctica para los ciclistas urbanos y mensajeros.<\/p>\n<p>Consiste en una soluci\u00f3n muy c\u00f3moda para aquellas personas que, por gusto o trabajo, andan en bicicleta de manera cotidiana, pero no quieren cargar con un voluminoso y sudoroso casco, aunque sea liviano. Este nuevo concepto tiene ventajas obvias sobre los cascos r\u00edgidos convencionales.<\/p>\n<p>El <strong>Ventete aH-1 tiene la versatilidad de un veh\u00edculo futurista<\/strong>, puesto que toma su forma protectora en un tiempo r\u00e1pido de inflado. Esta propiedad, adem\u00e1s de dar un valor agregado a su practicidad, es ideal para personas que necesitan protecci\u00f3n para la cabeza sobre la marcha.<\/p>\n<p>Sin embargo, debemos decir que este concepto de un casco inflable no es nuevo. Hace casi dos d\u00e9cadas, la empresa sueca H\u00f6vding invent\u00f3 un casco que ten\u00eda un airbag incorporado, el cual se inflaba al momento de un impacto y se llevaba en el cuello como un collar.<\/p>\n<p>Sin embargo, este dise\u00f1o no tuvo el \u00e9xito esperado, ya que, aunque ofrec\u00eda mayor seguridad que un casco r\u00edgido, al llevar el airbag en el cuello no era adecuado para condiciones de conducci\u00f3n intensas en climas calurosos. Por lo que pronto fue desechado y sacado del mercado.<\/p>\n<p>Con el nuevo casco para bicicleta se han abordado estas cuestiones negativas y corregido. Por ejemplo, <strong>su dise\u00f1o de costillas lo hace muy fresco<\/strong> por tener una buena ventilaci\u00f3n. Por lo que es el complemento perfecto para un veh\u00edculo de energ\u00eda renovable como la bicicleta.<\/p>\n<h2>El desarrollo del casco microplegable como veh\u00edculo futurista<\/h2>\n<p>Tal y como se hace con un veh\u00edculo, <strong>la compa\u00f1\u00eda Ventete lleva m\u00e1s de una d\u00e9cada<\/strong> modificando y ajustando el dise\u00f1o de este casco microplegable. Y a pesar de este periodo, a\u00fan no ha finalizado con sus especificaciones, por lo que a\u00fan no lo produce y no se sabe de precios ni disponibilidad.<\/p>\n<p>Pero eso s\u00ed, debido a informaci\u00f3n filtrada, hay mucha expectativa sobre este producto. Sin embargo, tiene un punto en contra, y es que por ahora solo es pr\u00e1ctico para ser usado en ciclismo urbano, ya que fuera de este contexto, posibles escombros entrar\u00edan por entre las costillas.<\/p>\n<p>En conclusi\u00f3n, aunque el t\u00edtulo de este post sugiere un veh\u00edculo, este casco tiene las mismas caracter\u00edsticas en cuanto a funcionalidad, protecci\u00f3n e <a href=\"https:\/\/www.ecoticias.com\/hoyeco\/coches-electricos-motor-innovador\/3613\/\">innovaci\u00f3n<\/a>. Adem\u00e1s, su dise\u00f1o est\u00e1 siendo constantemente evaluado y, hasta que no se cumplan las especificaciones, no saldr\u00e1 al mercado.<\/p>\n","protected":false},"excerpt":{"rendered":"<p>Cuando nos referimos al veh\u00edculo m\u00e1s futurista de la historia porque no usa combustible de ning\u00fan tipo y no produce &#8230; <\/p>\n<p class=\"read-more-container\"><a title=\"El veh\u00edculo m\u00e1s futurista de la historia, y sin combustible: se pliega y se extiende en 30 segundos\" class=\"read-more button\" href=\"https:\/\/www.ecoticias.com\/hoyeco\/vehiculo-combustible-pliega\/7814\/#more-7814\" aria-label=\"Leer m\u00e1s sobre El veh\u00edculo m\u00e1s futurista de la historia, y sin combustible: se pliega y se extiende en 30 segundos\">Read more<\/a><\/p>\n","protected":false},"author":6,"featured_media":7831,"comment_status":"closed","ping_status":"closed","sticky":false,"template":"","format":"standard","meta":{"footnotes":""},"categories":[6],"tags":[],"class_list":["post-7814","post","type-post","status-publish","format-standard","has-post-thumbnail","hentry","category-movilidad","resize-featured-image"],"_links":{"self":[{"href":"https:\/\/www.ecoticias.com\/hoyeco\/wp-json\/wp\/v2\/posts\/7814","targetHints":{"allow":["GET"]}}],"collection":[{"href":"https:\/\/www.ecoticias.com\/hoyeco\/wp-json\/wp\/v2\/posts"}],"about":[{"href":"https:\/\/www.ecoticias.com\/hoyeco\/wp-json\/wp\/v2\/types\/post"}],"author":[{"embeddable":true,"href":"https:\/\/www.ecoticias.com\/hoyeco\/wp-json\/wp\/v2\/users\/6"}],"replies":[{"embeddable":true,"href":"https:\/\/www.ecoticias.com\/hoyeco\/wp-json\/wp\/v2\/comments?post=7814"}],"version-history":[{"count":0,"href":"https:\/\/www.ecoticias.com\/hoyeco\/wp-json\/wp\/v2\/posts\/7814\/revisions"}],"wp:featuredmedia":[{"embeddable":true,"href":"https:\/\/www.ecoticias.com\/hoyeco\/wp-json\/wp\/v2\/media\/7831"}],"wp:attachment":[{"href":"https:\/\/www.ecoticias.com\/hoyeco\/wp-json\/wp\/v2\/media?parent=7814"}],"wp:term":[{"taxonomy":"category","embeddable":true,"href":"https:\/\/www.ecoticias.com\/hoyeco\/wp-json\/wp\/v2\/categories?post=7814"},{"taxonomy":"post_tag","embeddable":true,"href":"https:\/\/www.ecoticias.com\/hoyeco\/wp-json\/wp\/v2\/tags?post=7814"}],"curies":[{"name":"wp","href":"https:\/\/api.w.org\/{rel}","templated":true}]}}