{"id":7935,"date":"2024-06-30T16:00:17","date_gmt":"2024-06-30T14:00:17","guid":{"rendered":"https:\/\/www.ecoticias.com\/hoyeco\/?p=7935"},"modified":"2024-06-30T16:00:17","modified_gmt":"2024-06-30T14:00:17","slug":"espana-alerta-zonas-volcanes","status":"publish","type":"post","link":"https:\/\/www.ecoticias.com\/hoyeco\/espana-alerta-zonas-volcanes\/7935\/","title":{"rendered":"Espa\u00f1a pone en alerta estas 5 zonas: la tierra podr\u00eda abrirse en cualquier momento y causar un caos"},"content":{"rendered":"<p>La actividad <a href=\"https:\/\/www.ecoticias.com\/hoyeco\/erupcion-volcanica-espana-alerta\/4736\/\">volc\u00e1nica<\/a> es un elemento que despierta inter\u00e9s en ge\u00f3logos y estudiosos de la corteza terrestre, tanto en el pasado como en el presente. En este sentido, Espa\u00f1a pone en alerta cinco zonas donde podr\u00eda abrirse la tierra y dar origen a un gran caos.<\/p>\n<h2>Espa\u00f1a: tierra donde la naturaleza podr\u00eda despertar con furia<\/h2>\n<p>A pesar de que Espa\u00f1a es conocida por ser un pa\u00eds de hermosas playas, laderas verdes y poblaciones tranquilas y pintorescas, <strong>igualmente tiene numerosas zonas volc\u00e1nicas<\/strong>. Se han llegado a contar hasta 200 en estas \u00e1reas, las cuales se encuentran entre las Canarias y la pen\u00ednsula ib\u00e9rica.<\/p>\n<p>En cualquiera de estas zonas, la naturaleza podr\u00eda despertar, tal y como lo hizo el famoso volc\u00e1n Cumbre Vieja de La Palma en 2021. Pero esta no es la \u00fanica zona donde hay que estar alerta, ya que hay otras regiones que poseen esta caracter\u00edstica \u00fanica.<\/p>\n<h2>Las zonas \u00abpeligrosas\u00bb que debes conocer y estar alerta<\/h2>\n<p>A lo largo y ancho de la pen\u00ednsula ib\u00e9rica, <strong>hay regiones que nos pueden dar un poco de temor<\/strong> y por ello estamos alerta. Pero a otros les resultan fascinantes, desde el punto de vista de la investigaci\u00f3n, por ser un legado geol\u00f3gico. Te presentamos las cinco \u00e1reas de mayor actividad.<\/p>\n<h3>1. El archipi\u00e9lago de las Islas Canarias<\/h3>\n<p>Esta es el \u00e1rea que posee el n\u00famero m\u00e1s grande de zonas volc\u00e1nicas. De hecho, las siete islas que lo componen han sufrido erupciones en el pasado. Entre ellas est\u00e1 Tenerife, que alberga el volc\u00e1n El Teide, tambi\u00e9n el pico de mayor altitud de todo el pa\u00eds y el m\u00e1s imponente.<\/p>\n<p>Es la mayor atracci\u00f3n del Parque Nacional El Teide y siempre despierta resquemores. Tambi\u00e9n est\u00e1 Lanzarote, con el Parque Nacional de Timanfaya, que alberga un volc\u00e1n que, aunque inactivo, podr\u00eda despertar en cualquier momento, por lo que debes estar alerta.<\/p>\n<h3>2. La Garrotxa<\/h3>\n<p>Esta \u00e1rea volc\u00e1nica, ubicada en la pen\u00ednsula al noroeste de Catalu\u00f1a, contiene 40 volcanes, 23 conos, 10 cr\u00e1teres y sobre 20 lavas bas\u00e1lticas. A pesar de que la \u00faltima actividad volc\u00e1nica fue hace 8.000 a\u00f1os, no deja de despertar expectativas en lo que a erupci\u00f3n se refiere..<\/p>\n<p>El \u00e1rea volc\u00e1nica de La Garrotxa tiene un paisaje hipn\u00f3tico y \u00fanico que se caracteriza por ser semides\u00e9rtico, con \u00e1rboles milenarios y frondosos, vegetaci\u00f3n escasa y formaciones rocosas tan singulares que parecieran cobrar vida en las noches.<\/p>\n<h3>3. Cofrentes<\/h3>\n<p>Tambi\u00e9n llamado Cerro de Agr\u00e1s, es una caldera bas\u00e1ltica que se encuentra en Valencia. Consiste en un volc\u00e1n que tiene un cr\u00e1ter circular, formado por una erupci\u00f3n muy violenta, parecida a una explosi\u00f3n, por esta raz\u00f3n Espa\u00f1a est\u00e1 en alerta permanente.<\/p>\n<p>A pesar de ser un volc\u00e1n inactivo desde hace aproximadamente dos millones de a\u00f1os, posee una c\u00e1mara o cueva magm\u00e1tica a unos 15 kil\u00f3metros de profundidad. La misma contin\u00faa liberando gases que suben a la superficie, aprovechando fisuras y grietas en el suelo.<\/p>\n<h3>4. Isla Columbretes<\/h3>\n<p>Este es un archipi\u00e9lago de tipo volc\u00e1nico ubicado en Castell\u00f3n. En alg\u00fan momento, form\u00f3 parte de varias monta\u00f1as submarinas pertenecientes a la franja que est\u00e1 entre el Mar Menor y el cabo de La Gata, en la que hay otros volcanes hasta llegar a la Isla de Albor\u00e1n.<\/p>\n<h3>5. Campo de Calatrava<\/h3>\n<p>Consiste en una llanura llena de volcanes extintos y hoy se encuentra salpicada de calderas, conos y coladas de lava volc\u00e1nica fosilizados. Es un recuerdo de erupciones ocurridas entre 11 y 15 millones de a\u00f1os, cuando la actividad volc\u00e1nica estaba en su apogeo.<\/p>\n<p>En conclusi\u00f3n, es en estas zonas donde Espa\u00f1a mantiene una observaci\u00f3n y alerta permanentes. Esto es debido a que ofrecen paisajes y cuevas que atraen por igual a turistas e investigadores que se aventuran en ellas. Por lo que, si entraran en erupci\u00f3n, se producir\u00eda un <a href=\"https:\/\/www.ecoticias.com\/hoyeco\/explosion-grande-espana-energia\/6715\/\">gran caos<\/a>.<\/p>\n","protected":false},"excerpt":{"rendered":"<p>La actividad volc\u00e1nica es un elemento que despierta inter\u00e9s en ge\u00f3logos y estudiosos de la corteza terrestre, tanto en el &#8230; <\/p>\n<p class=\"read-more-container\"><a title=\"Espa\u00f1a pone en alerta estas 5 zonas: la tierra podr\u00eda abrirse en cualquier momento y causar un caos\" class=\"read-more button\" href=\"https:\/\/www.ecoticias.com\/hoyeco\/espana-alerta-zonas-volcanes\/7935\/#more-7935\" aria-label=\"Leer m\u00e1s sobre Espa\u00f1a pone en alerta estas 5 zonas: la tierra podr\u00eda abrirse en cualquier momento y causar un caos\">Read more<\/a><\/p>\n","protected":false},"author":6,"featured_media":7938,"comment_status":"closed","ping_status":"closed","sticky":false,"template":"","format":"standard","meta":{"footnotes":""},"categories":[2],"tags":[],"class_list":["post-7935","post","type-post","status-publish","format-standard","has-post-thumbnail","hentry","category-actualidad","resize-featured-image"],"_links":{"self":[{"href":"https:\/\/www.ecoticias.com\/hoyeco\/wp-json\/wp\/v2\/posts\/7935","targetHints":{"allow":["GET"]}}],"collection":[{"href":"https:\/\/www.ecoticias.com\/hoyeco\/wp-json\/wp\/v2\/posts"}],"about":[{"href":"https:\/\/www.ecoticias.com\/hoyeco\/wp-json\/wp\/v2\/types\/post"}],"author":[{"embeddable":true,"href":"https:\/\/www.ecoticias.com\/hoyeco\/wp-json\/wp\/v2\/users\/6"}],"replies":[{"embeddable":true,"href":"https:\/\/www.ecoticias.com\/hoyeco\/wp-json\/wp\/v2\/comments?post=7935"}],"version-history":[{"count":0,"href":"https:\/\/www.ecoticias.com\/hoyeco\/wp-json\/wp\/v2\/posts\/7935\/revisions"}],"wp:featuredmedia":[{"embeddable":true,"href":"https:\/\/www.ecoticias.com\/hoyeco\/wp-json\/wp\/v2\/media\/7938"}],"wp:attachment":[{"href":"https:\/\/www.ecoticias.com\/hoyeco\/wp-json\/wp\/v2\/media?parent=7935"}],"wp:term":[{"taxonomy":"category","embeddable":true,"href":"https:\/\/www.ecoticias.com\/hoyeco\/wp-json\/wp\/v2\/categories?post=7935"},{"taxonomy":"post_tag","embeddable":true,"href":"https:\/\/www.ecoticias.com\/hoyeco\/wp-json\/wp\/v2\/tags?post=7935"}],"curies":[{"name":"wp","href":"https:\/\/api.w.org\/{rel}","templated":true}]}}