{"id":8275,"date":"2024-07-08T15:30:44","date_gmt":"2024-07-08T13:30:44","guid":{"rendered":"https:\/\/www.ecoticias.com\/hoyeco\/?p=8275"},"modified":"2024-07-08T15:30:44","modified_gmt":"2024-07-08T13:30:44","slug":"espana-denuncia-siembra-caos","status":"publish","type":"post","link":"https:\/\/www.ecoticias.com\/hoyeco\/espana-denuncia-siembra-caos\/8275\/","title":{"rendered":"Espa\u00f1a denuncia a la Uni\u00f3n Europea y se siembra el caos: la \u00abenerg\u00eda prohibida\u00bb que tiene al pa\u00eds en peligro"},"content":{"rendered":"<p>Espa\u00f1a denuncia a la <a href=\"https:\/\/www.ecoticias.com\/hoyeco\/union-europea-energia-espana\/4636\/\">Uni\u00f3n Europea<\/a> y siembra el caos entre los pa\u00edses miembros, luego de que dicha denuncia fuese aprobada por las Cortes Generales espa\u00f1olas. Pero, \u00bfde qu\u00e9 trata? y, sobre todo, a qu\u00e9 se refiere? Aqu\u00ed trataremos de dilucidarlo y comprenderlo.<\/p>\n<h2>El Tratado sobre la Carta de la Energ\u00eda (TCE) y otros acuerdos<\/h2>\n<p>La aprobaci\u00f3n de la acusaci\u00f3n, por parte de Espa\u00f1a, se dio despu\u00e9s de un amplio consenso en los debates realizados. Aunque el TCE es reconocido por Espa\u00f1a debido a la protecci\u00f3n que brinda a un amplio grupo econ\u00f3mico de todos los pa\u00edses pertenecientes a la Uni\u00f3n Europea<\/p>\n<p>En el sentido de cuidar sus inversiones contra las continuas reformas realizadas a la legislaci\u00f3n que rige las energ\u00edas sostenibles y renovables en los a\u00f1os comprendidos entre 2010 y 2014. <strong>Y es esta protecci\u00f3n el motivo de la denuncia de nuestro pa\u00eds contra este tratado<\/strong>.<\/p>\n<h2>La denuncia: ante qui\u00e9n se realiz\u00f3 y sus consecuencias<\/h2>\n<p>La misma se realiz\u00f3 el 16 de abril de 2024 a trav\u00e9s de una Nota Verbal que fue entregada al Ministerio de Asuntos Exteriores de la Rep\u00fablica de Portugal, esto por su calidad de depositario del TCE. Portugal <strong>tambi\u00e9n est\u00e1 en contra este tratado<\/strong>, por lo que no continuar\u00e1 con esta funci\u00f3n.<\/p>\n<p>El Bolet\u00edn Oficial del Estado public\u00f3 esta cr\u00edtica, realizada por Espa\u00f1a, el d\u00eda 14 de mayo de 2024. En consecuencia, Espa\u00f1a se retirar\u00e1 del TCE y del Protocolo de la Carta de la Energ\u00eda referido a las perspectivas ambientales y la eficacia energ\u00e9tica renovable.<\/p>\n<p>Los cuales estaban vigentes, tanto para Espa\u00f1a como de manera general para todos los pa\u00edses que suscribieron este tratado, desde el 16 de abril de 1998. Esta retirada de nuestro pa\u00eds comenzar\u00e1 a entrar en vigor a partir del 17 de abril del a\u00f1o 2025.<\/p>\n<p>Es de se\u00f1alar que las inversiones y negocios efectuados por empresas y grupos extranjeros, en territorio de Espa\u00f1a, as\u00ed como los realizados por entes espa\u00f1oles en otros estados que hayan suscrito el TCE seguir\u00e1n protegidos por este.<\/p>\n<p>Esto hasta el 17 de abril de 2045, es decir, 20 a\u00f1os despu\u00e9s de la retirada formal de Espa\u00f1a tal y como se desprende de sus estatutos. Ahora bien, el caos surge cuando a partir de la denuncia de Espa\u00f1a, la mayor\u00eda de los pa\u00edses siguen su ejemplo al encuadrarse en una discusi\u00f3n m\u00e1s abierta.<\/p>\n<p>Donde la Uni\u00f3n Europea, asesorada por la Comisi\u00f3n Europea, legisl\u00f3 y acord\u00f3 votar por la retirada coordinada pero irrevocable de todos los pa\u00edses miembros. Ahora bien, se debe se\u00f1alar que la denuncia de Espa\u00f1a solo afecta a las inversiones que se haga a partir del 17 de abril de 2025.<\/p>\n<p>Pero no a las que se hagan en el presente o antes de esa fecha. Igualmente, tampoco afectara a aquellas que ya est\u00e9n consolidadas o en marcha. Es decir que, hasta el 17 de abril de 2025, <strong>las empresas pueden suscribir nuevos contratos bajo la protecci\u00f3n jur\u00eddica del TCE<\/strong>.<\/p>\n<h2>El motivo de esta acusaci\u00f3n por parte de Espa\u00f1a y la energ\u00eda prohibida<\/h2>\n<p>Esta denuncia est\u00e1 soportada por varias razones, pero la principal es la incompatibilidad con el Tratado de Par\u00eds, que controla y elimina todas las fuentes de emisiones de CO2 comenzando en el a\u00f1o 2035. Esto por la protecci\u00f3n que da el TCE a las inversiones en energ\u00eda no sostenible.<\/p>\n<p>Como son las fuentes energ\u00e9ticas que usan combustible f\u00f3sil. Ya que como consecuencia de la lucha de Espa\u00f1a contra esta energ\u00eda prohibida, que pone en peligro al pa\u00eds y al mundo, <strong>ha sido condenada a pagar grandes sumas de dinero<\/strong> por las disposiciones sustantivas del TCE.<\/p>\n<p>En conclusi\u00f3n, las razones de la acusaci\u00f3n de Espa\u00f1a contra el TCE, que implican su retiro de este tratado, est\u00e1n plenamente justificadas, tanto as\u00ed que han creado un aut\u00e9ntico caos por el retiro de los dem\u00e1s pa\u00edses miembros que tambi\u00e9n entran a no querer esta energ\u00eda <a href=\"https:\/\/www.ecoticias.com\/hoyeco\/energia-prohibida-50-millones-grados\/7254\/\">prohibida<\/a> y contaminante.<\/p>\n","protected":false},"excerpt":{"rendered":"<p>Espa\u00f1a denuncia a la Uni\u00f3n Europea y siembra el caos entre los pa\u00edses miembros, luego de que dicha denuncia fuese &#8230; <\/p>\n<p class=\"read-more-container\"><a title=\"Espa\u00f1a denuncia a la Uni\u00f3n Europea y se siembra el caos: la \u00abenerg\u00eda prohibida\u00bb que tiene al pa\u00eds en peligro\" class=\"read-more button\" href=\"https:\/\/www.ecoticias.com\/hoyeco\/espana-denuncia-siembra-caos\/8275\/#more-8275\" aria-label=\"Leer m\u00e1s sobre Espa\u00f1a denuncia a la Uni\u00f3n Europea y se siembra el caos: la \u00abenerg\u00eda prohibida\u00bb que tiene al pa\u00eds en peligro\">Read more<\/a><\/p>\n","protected":false},"author":6,"featured_media":8277,"comment_status":"closed","ping_status":"closed","sticky":false,"template":"","format":"standard","meta":{"footnotes":""},"categories":[5],"tags":[],"class_list":["post-8275","post","type-post","status-publish","format-standard","has-post-thumbnail","hentry","category-energia","resize-featured-image"],"_links":{"self":[{"href":"https:\/\/www.ecoticias.com\/hoyeco\/wp-json\/wp\/v2\/posts\/8275","targetHints":{"allow":["GET"]}}],"collection":[{"href":"https:\/\/www.ecoticias.com\/hoyeco\/wp-json\/wp\/v2\/posts"}],"about":[{"href":"https:\/\/www.ecoticias.com\/hoyeco\/wp-json\/wp\/v2\/types\/post"}],"author":[{"embeddable":true,"href":"https:\/\/www.ecoticias.com\/hoyeco\/wp-json\/wp\/v2\/users\/6"}],"replies":[{"embeddable":true,"href":"https:\/\/www.ecoticias.com\/hoyeco\/wp-json\/wp\/v2\/comments?post=8275"}],"version-history":[{"count":0,"href":"https:\/\/www.ecoticias.com\/hoyeco\/wp-json\/wp\/v2\/posts\/8275\/revisions"}],"wp:featuredmedia":[{"embeddable":true,"href":"https:\/\/www.ecoticias.com\/hoyeco\/wp-json\/wp\/v2\/media\/8277"}],"wp:attachment":[{"href":"https:\/\/www.ecoticias.com\/hoyeco\/wp-json\/wp\/v2\/media?parent=8275"}],"wp:term":[{"taxonomy":"category","embeddable":true,"href":"https:\/\/www.ecoticias.com\/hoyeco\/wp-json\/wp\/v2\/categories?post=8275"},{"taxonomy":"post_tag","embeddable":true,"href":"https:\/\/www.ecoticias.com\/hoyeco\/wp-json\/wp\/v2\/tags?post=8275"}],"curies":[{"name":"wp","href":"https:\/\/api.w.org\/{rel}","templated":true}]}}