{"id":8368,"date":"2024-07-11T16:00:50","date_gmt":"2024-07-11T14:00:50","guid":{"rendered":"https:\/\/www.ecoticias.com\/hoyeco\/?p=8368"},"modified":"2024-07-11T16:00:50","modified_gmt":"2024-07-11T14:00:50","slug":"apple-espana-proyecto-ambicioso","status":"publish","type":"post","link":"https:\/\/www.ecoticias.com\/hoyeco\/apple-espana-proyecto-ambicioso\/8368\/","title":{"rendered":"Apple elige a Espa\u00f1a para el proyecto m\u00e1s ambicioso de su historia: quiere traer energ\u00eda del Sol en esta regi\u00f3n"},"content":{"rendered":"<p>Las grandes empresas y consorcios est\u00e1n empezando a tomar conciencia de su responsabilidad para el cuidado del <a href=\"https:\/\/www.ecoticias.com\/hoyeco\/estados-unidos-despliega-ejercito\/7850\/\">medio ambiente<\/a> y en lo concerniente a las emisiones de CO2. Un ejemplo lo constituye Apple, el gigante en computaci\u00f3n, con su ambicioso proyecto de energ\u00eda solar en Espa\u00f1a.<\/p>\n<h2>Apple y su proyecto de energ\u00eda solar en Espa\u00f1a: Estados Unidos nos elige para su \u00faltimo proyecto<\/h2>\n<p>Esta compa\u00f1\u00eda, preocupada por el cambio clim\u00e1tico como consecuencia de las emisiones de gases de efecto invernadero, se ha propuesto ser neutra en carbono en toda su cadena de valor y producci\u00f3n. Para ello ha creado el plan Apple 2030, que apunta en esta direcci\u00f3n.<\/p>\n<p>Como comienzo, anunci\u00f3 que realizar\u00e1 en Espa\u00f1a su <strong>primera inversi\u00f3n en un parque de energ\u00eda solar<\/strong>. De esta forma no solo disminuir\u00e1 el consumo de electricidad convencional en sus procesos, sino tambi\u00e9n en la que sus clientes utilizan para cargar y usar sus productos en esta regi\u00f3n.<\/p>\n<h2>La planta fotovoltaica que busca reducir la huella de carbono de Apple<\/h2>\n<p>Para la construcci\u00f3n del m\u00e1s ambicioso proyecto de su historia, Apple se asoci\u00f3 con ib vogt, una empresa de energ\u00eda solar internacional, con la cual invertir\u00e1 en un ingenio fotovoltaico que tendr\u00e1 la capacidad de generar <strong>105 MW de electricidad limpia libre de emisiones<\/strong>.<\/p>\n<p>Se estima que entre en operaciones en las postrimer\u00edas del a\u00f1o 2024, concretamente en el mes de diciembre. Este parque solar se encontrar\u00e1 ubicado en Segovia y fue bautizado como Casta\u00f1o Solar. Es de se\u00f1alar que este es uno de los tres proyectos que tiene en la regi\u00f3n ib vogt.<\/p>\n<p>Todos los cuales son ejecutados bajo la figura de contrato de compraventa de electricidad con pago a precio fijo. En esta construcci\u00f3n se usar\u00e1 la tecnolog\u00eda de paneles solares bifaciales que son de \u00faltima generaci\u00f3n con un sistema de seguimiento que constar\u00e1 de un solo eje, tipo \u201cgirasol\u201d.<\/p>\n<p>Esto es para maximizar la producci\u00f3n de electricidad mientras haya luz solar. Asimismo, contar\u00e1 con un eficiente sistema de almacenamiento de energ\u00eda. De esta manera, se tendr\u00e1 un suministro ininterrumpido en horas nocturnas, as\u00ed como durante los d\u00edas nublados o de poca irradiaci\u00f3n solar.<\/p>\n<p>Por otro lado, se prev\u00e9 que la generaci\u00f3n de electricidad limpia que sustituir\u00e1 la que actualmente llega por las redes convencionales, elimine hasta 52.000 toneladas m\u00e9tricas de emisiones de gases de efecto invernadero al a\u00f1o, lo cual ser\u00e1 de gran ayuda en la regeneraci\u00f3n de la capa de ozono.<\/p>\n<p>De acuerdo con las declaraciones de Apple, con estas acciones que se llevan a cabo, buscan reducir el impacto que causa el gasto de energ\u00eda que usan en la producci\u00f3n de sus art\u00edculos y dispositivos, lo que constituye la parte m\u00e1s grande de la <strong>huella de carbono que deja la empresa en el mundo<\/strong>.<\/p>\n<h2>Un h\u00e1bitat protegido para la biodiversidad y actividades ecol\u00f3gicas<\/h2>\n<p>Ahora Apple, con este proyecto, tambi\u00e9n tiene intenciones de contribuir al cuidado de la biodiversidad aut\u00f3ctona de Segovia y sus alrededores. Para ello ha adquirido el compromiso de crear un impacto medioambiental y social positivo con un proyecto paralelo ecol\u00f3gico y natural.<\/p>\n<p>Este consiste en la instalaci\u00f3n de cajas nido para la reproducci\u00f3n y cuidado de las aves y la reforestaci\u00f3n dirigida a la flora y fauna aut\u00f3ctona. Todo en un \u00e1rea protegida de 10 hect\u00e1reas que est\u00e1n en el per\u00edmetro del parque fotovoltaico.<\/p>\n<p>Adicionalmente, anualmente ofrecer\u00e1 actividades de emprendimientos usando materiales de reciclaje para crear <strong>ingenios dirigidos a la energ\u00eda ecol\u00f3gica<\/strong>. Asimismo, llevar\u00e1 a cabo otras dirigidas a los ni\u00f1os sobre econom\u00eda circular.<\/p>\n<p>En conclusi\u00f3n, el proyecto m\u00e1s ambicioso de Apple que llevar\u00e1 a cabo en Espa\u00f1a no solo tendr\u00e1 gran importancia por la producci\u00f3n de <a href=\"https:\/\/www.ecoticias.com\/hoyeco\/nubes-cargadas-electricidad\/7965\/\">electricidad<\/a> solar limpia, sino tambi\u00e9n por las actividades y construcciones que ayudan en el cuidado de la naturaleza. Enhorabuena para la empresa.<\/p>\n","protected":false},"excerpt":{"rendered":"<p>Las grandes empresas y consorcios est\u00e1n empezando a tomar conciencia de su responsabilidad para el cuidado del medio ambiente y &#8230; <\/p>\n<p class=\"read-more-container\"><a title=\"Apple elige a Espa\u00f1a para el proyecto m\u00e1s ambicioso de su historia: quiere traer energ\u00eda del Sol en esta regi\u00f3n\" class=\"read-more button\" href=\"https:\/\/www.ecoticias.com\/hoyeco\/apple-espana-proyecto-ambicioso\/8368\/#more-8368\" aria-label=\"Leer m\u00e1s sobre Apple elige a Espa\u00f1a para el proyecto m\u00e1s ambicioso de su historia: quiere traer energ\u00eda del Sol en esta regi\u00f3n\">Read more<\/a><\/p>\n","protected":false},"author":6,"featured_media":8444,"comment_status":"closed","ping_status":"closed","sticky":false,"template":"","format":"standard","meta":{"footnotes":""},"categories":[5],"tags":[],"class_list":["post-8368","post","type-post","status-publish","format-standard","has-post-thumbnail","hentry","category-energia","resize-featured-image"],"_links":{"self":[{"href":"https:\/\/www.ecoticias.com\/hoyeco\/wp-json\/wp\/v2\/posts\/8368","targetHints":{"allow":["GET"]}}],"collection":[{"href":"https:\/\/www.ecoticias.com\/hoyeco\/wp-json\/wp\/v2\/posts"}],"about":[{"href":"https:\/\/www.ecoticias.com\/hoyeco\/wp-json\/wp\/v2\/types\/post"}],"author":[{"embeddable":true,"href":"https:\/\/www.ecoticias.com\/hoyeco\/wp-json\/wp\/v2\/users\/6"}],"replies":[{"embeddable":true,"href":"https:\/\/www.ecoticias.com\/hoyeco\/wp-json\/wp\/v2\/comments?post=8368"}],"version-history":[{"count":0,"href":"https:\/\/www.ecoticias.com\/hoyeco\/wp-json\/wp\/v2\/posts\/8368\/revisions"}],"wp:featuredmedia":[{"embeddable":true,"href":"https:\/\/www.ecoticias.com\/hoyeco\/wp-json\/wp\/v2\/media\/8444"}],"wp:attachment":[{"href":"https:\/\/www.ecoticias.com\/hoyeco\/wp-json\/wp\/v2\/media?parent=8368"}],"wp:term":[{"taxonomy":"category","embeddable":true,"href":"https:\/\/www.ecoticias.com\/hoyeco\/wp-json\/wp\/v2\/categories?post=8368"},{"taxonomy":"post_tag","embeddable":true,"href":"https:\/\/www.ecoticias.com\/hoyeco\/wp-json\/wp\/v2\/tags?post=8368"}],"curies":[{"name":"wp","href":"https:\/\/api.w.org\/{rel}","templated":true}]}}