{"id":8487,"date":"2024-07-15T16:00:54","date_gmt":"2024-07-15T14:00:54","guid":{"rendered":"https:\/\/www.ecoticias.com\/hoyeco\/?p=8487"},"modified":"2024-07-15T16:00:54","modified_gmt":"2024-07-15T14:00:54","slug":"espana-nuclear-superlaboratorio","status":"publish","type":"post","link":"https:\/\/www.ecoticias.com\/hoyeco\/espana-nuclear-superlaboratorio\/8487\/","title":{"rendered":"Espa\u00f1a enciende todas las alarmas por la temida nuclear: el \u00absuperlaboratorio\u00bb que van a poner en marcha"},"content":{"rendered":"<p>Espa\u00f1a est\u00e1 en el proceso de desmantelamiento de todas las <a href=\"https:\/\/www.ecoticias.com\/hoyeco\/energia-nuclear-problema-gobierno\/658\/\">centrales<\/a> con reactores que est\u00e1n en su territorio. Para poder agilizarlo, tienen planificado un superlaboratorio port\u00e1til nuclear para tratar in situ todo lo concerniente a la disposici\u00f3n final de los residuos radiactivos con total seguridad.<\/p>\n<h2>El superlaboratorio nuclear: respuesta al desmantelamiento ordenado de las plantas nucleares<\/h2>\n<p>Hace apenas unos meses, Espa\u00f1a dio la aprobaci\u00f3n al llamado Plan de Residuos Radiactivos, que es la hoja de ruta que define el cronograma de cierre de las centrales con reactores en todo el pa\u00eds. Asimismo, trata del desmantelamiento de los reactores y la gesti\u00f3n de sus desechos.<\/p>\n<p>Para ello, se ha tenido la idea de la <strong>construcci\u00f3n de un superlaboratorio nuclear que sea port\u00e1til y modular<\/strong>. La misma ser\u00e1 realizada bajo la supervisi\u00f3n de Ensa, quien elabora contenedores para residuos radiactivos, y Enusa, que se encarga de la f\u00e1brica y gesti\u00f3n de combustible radioactivo.<\/p>\n<h2>Las especificaciones t\u00e9cnicas que tendr\u00e1: Espa\u00f1a sorprende a toda Europa al mostrar esto<\/h2>\n<p>Con este superlaboratorio, Espa\u00f1a enciende todas las alarmas por la temida nuclear en lo que se refiere al desmantelamiento de las plantas. Esta instalaci\u00f3n ayudar\u00e1 a disponer de las miles de toneladas de <strong>desechos de baja y media radiactividad<\/strong> originados por los reactores.<\/p>\n<p>En t\u00e9rminos generales, esta construcci\u00f3n constar\u00e1 de dos plantas port\u00e1tiles, es decir, que se podr\u00e1n montar y desmontar por partes para llevarla de una central a otra. El tiempo que se tardar\u00eda en llevar a cabo todo el proceso de desarme y armado ser\u00eda de unas cuantas semanas.<\/p>\n<p>La idea, en principio, es que tenga seis m\u00f3dulos con unas medidas de 40 pies c\u00fabicos, es decir, 12,2 metros de largo, 2,4 metros de ancho y 2,6 metros de alto, que son las dimensiones est\u00e1ndar de los contenedores de transporte comerciales pero con especificaciones especiales.<\/p>\n<p>Estos ser\u00e1n muy flexibles en el sentido de desmontar y montar y deber\u00e1n estar conectados entre s\u00ed. Es muy importante que sean totalmente herm\u00e9ticos para asegurar el aislamiento radiol\u00f3gico y evitar fugas de material radiactivo, debido al peligro que esta situaci\u00f3n significa.<\/p>\n<p>Como ya mencionamos, los entes p\u00fablicos Ensa y Enusa ser\u00e1n los encargados de hacer realidad este proyecto. Como primer paso, ya desarrollaron un dise\u00f1o b\u00e1sico de primera mano. Ahora se est\u00e1 en el proceso de obtener la aprobaci\u00f3n del mismo por parte del Consejo de Seguridad Nuclear.<\/p>\n<p>Se necesita una consultora de ingenier\u00eda que se encargue de los detalles como el dise\u00f1o y la posterior construcci\u00f3n del superlaboratorio, incluyendo el aseguramiento de la hermeticidad de los m\u00f3dulos de contenci\u00f3n de material radioactivo y que sean desmontables, montables y trasladables.<\/p>\n<p>De igual forma, se incluye lo relacionado con el <strong>sistema de protecci\u00f3n contra la radiactividad<\/strong> y la contenci\u00f3n en caso de accidente. Finalmente, se consideran los costos de construcci\u00f3n y los plazos de ejecuci\u00f3n, para los cuales ya se han lanzado las licitaciones p\u00fablicas correspondientes.<\/p>\n<h2>Las funciones de este superlaboratorio: m\u00e1s all\u00e1 de lo que te imaginas, pero no este a\u00f1o<\/h2>\n<p>Esta instalaci\u00f3n port\u00e1til tendr\u00e1 entre sus funciones, una vez que est\u00e9 operativa a mediados de 2025, <strong>reacondicionar y gestionar los residuos t\u00f3xicos<\/strong> que est\u00e1n almacenados en cada planta, para hacer m\u00e1s seguro su traslado a los operarios y la poblaci\u00f3n por donde deben pasar.<\/p>\n<p>Esto incluye procesos como compactaci\u00f3n, segregaci\u00f3n, corte, etc., que permitan reducir su volumen y peligro para poder llevarlos al sitio de su disposici\u00f3n final. Este es el almac\u00e9n de desechos de media y baja radioactividad en El Cabril, en la provincia de C\u00f3rdoba.<\/p>\n<p>En conclusi\u00f3n, Espa\u00f1a se est\u00e1 preparando para llevar a cabo el proceso de <a href=\"https:\/\/www.ecoticias.com\/hoyeco\/energia-rojo-inagotable-ilegal\/8111\/\">desnuclearizaci\u00f3n<\/a> que debe finalizar en 2035 con el desmantelamiento de sus plantas y reactores nucleares. Lo cual ser\u00e1 m\u00e1s r\u00e1pido y efectivo con la puesta en marcha del superlaboratorio que tienen planificado.<\/p>\n","protected":false},"excerpt":{"rendered":"<p>Espa\u00f1a est\u00e1 en el proceso de desmantelamiento de todas las centrales con reactores que est\u00e1n en su territorio. Para poder &#8230; <\/p>\n<p class=\"read-more-container\"><a title=\"Espa\u00f1a enciende todas las alarmas por la temida nuclear: el \u00absuperlaboratorio\u00bb que van a poner en marcha\" class=\"read-more button\" href=\"https:\/\/www.ecoticias.com\/hoyeco\/espana-nuclear-superlaboratorio\/8487\/#more-8487\" aria-label=\"Leer m\u00e1s sobre Espa\u00f1a enciende todas las alarmas por la temida nuclear: el \u00absuperlaboratorio\u00bb que van a poner en marcha\">Read more<\/a><\/p>\n","protected":false},"author":6,"featured_media":8489,"comment_status":"closed","ping_status":"closed","sticky":false,"template":"","format":"standard","meta":{"footnotes":""},"categories":[5],"tags":[],"class_list":["post-8487","post","type-post","status-publish","format-standard","has-post-thumbnail","hentry","category-energia","resize-featured-image"],"_links":{"self":[{"href":"https:\/\/www.ecoticias.com\/hoyeco\/wp-json\/wp\/v2\/posts\/8487","targetHints":{"allow":["GET"]}}],"collection":[{"href":"https:\/\/www.ecoticias.com\/hoyeco\/wp-json\/wp\/v2\/posts"}],"about":[{"href":"https:\/\/www.ecoticias.com\/hoyeco\/wp-json\/wp\/v2\/types\/post"}],"author":[{"embeddable":true,"href":"https:\/\/www.ecoticias.com\/hoyeco\/wp-json\/wp\/v2\/users\/6"}],"replies":[{"embeddable":true,"href":"https:\/\/www.ecoticias.com\/hoyeco\/wp-json\/wp\/v2\/comments?post=8487"}],"version-history":[{"count":0,"href":"https:\/\/www.ecoticias.com\/hoyeco\/wp-json\/wp\/v2\/posts\/8487\/revisions"}],"wp:featuredmedia":[{"embeddable":true,"href":"https:\/\/www.ecoticias.com\/hoyeco\/wp-json\/wp\/v2\/media\/8489"}],"wp:attachment":[{"href":"https:\/\/www.ecoticias.com\/hoyeco\/wp-json\/wp\/v2\/media?parent=8487"}],"wp:term":[{"taxonomy":"category","embeddable":true,"href":"https:\/\/www.ecoticias.com\/hoyeco\/wp-json\/wp\/v2\/categories?post=8487"},{"taxonomy":"post_tag","embeddable":true,"href":"https:\/\/www.ecoticias.com\/hoyeco\/wp-json\/wp\/v2\/tags?post=8487"}],"curies":[{"name":"wp","href":"https:\/\/api.w.org\/{rel}","templated":true}]}}