{"id":8588,"date":"2024-07-21T15:30:46","date_gmt":"2024-07-21T13:30:46","guid":{"rendered":"https:\/\/www.ecoticias.com\/hoyeco\/?p=8588"},"modified":"2024-07-21T15:30:46","modified_gmt":"2024-07-21T13:30:46","slug":"espana-canarias-reconocimiento","status":"publish","type":"post","link":"https:\/\/www.ecoticias.com\/hoyeco\/espana-canarias-reconocimiento\/8588\/","title":{"rendered":"Este archipi\u00e9lago de Espa\u00f1a busca el \u00abreconocimiento internacional\u00bb: lo podr\u00edamos perder si sucede esto en julio"},"content":{"rendered":"<p>Este archipi\u00e9lago de <a href=\"https:\/\/www.ecoticias.com\/hoyeco\/canarias-archipielago-chinijo\/2530\/\">Espa\u00f1a<\/a> posee un reconocimiento internacional que es \u201cmenor\u201d al de otros similares. Raz\u00f3n por la cual se busca dicho reconocimiento de forma plena para el goce de sus derechos. Te presentamos las bases jur\u00eddicas del mismo y por qu\u00e9 podr\u00eda perderse en julio.<\/p>\n<h2>\u00bfCu\u00e1l es el archipi\u00e9lago espa\u00f1ol que busca el reconocimiento internacional como tal?<\/h2>\n<p>Espa\u00f1a, por su posici\u00f3n geogr\u00e1fica y salida al mar, posee varios conjuntos de islas que caben en la denominaci\u00f3n de archipi\u00e9lago. Entendi\u00e9ndolo como un <strong>grupo de islas que ocupan una porci\u00f3n de mar<\/strong>, cuya extensi\u00f3n depende de la tierra sobre la superficie y las otras sumergidas.<\/p>\n<p>Este concepto incluye las aguas mar adentro que se extienden por la plataforma continental ampliada por los trozos de tierra. En esta definici\u00f3n encajan las islas pertenecientes a las Canarias, por lo que no deber\u00edan tener problema en obtener el reconocimiento internacional.<\/p>\n<h2>El reconocimiento internacional de las Islas Canarias<\/h2>\n<p>El pasado 22 de mayo, el Parlamento de Canarias dio la aprobaci\u00f3n a una propuesta del Grupo Parlamentario Nueva Canarias \u2013 Bloque Canarista para solicitar el reconocimiento internacional de esta <strong>agrupaci\u00f3n de islas como archipi\u00e9lago atl\u00e1ntico<\/strong>, el cual cont\u00f3 con el apoyo de la inmensa mayor\u00eda.<\/p>\n<p>En esta aprobaci\u00f3n, aunque no de ley, se insta al Gobierno de Canarias para que exhorte al gobierno nacional a que contin\u00fae e insista en los tr\u00e1mites ante la Organizaci\u00f3n de las Naciones Unidas (ONU) para defender y ampliar el estatus que tiene la Comunidad Aut\u00f3noma de Canarias.<\/p>\n<p>Esto en el Estatuto de Autonom\u00eda, en el sentido de que logre que dicho estatus tenga reconocimiento jur\u00eddico internacional de acuerdo al Tratado Internacional de Mar vigente en su art\u00edculo 46, inciso \u201cb\u201d. Lo cual incluye la delimitaci\u00f3n de la jurisdicci\u00f3n estatal y soberan\u00eda de Espa\u00f1a.<\/p>\n<p>Las \u00e1reas mar\u00edtimas que proyectan las competencias estatutarias, producto de esta petici\u00f3n, son la zona contigua, plataforma ampliable, mar territorial y zona econ\u00f3mica exclusiva. Que incluye las aguas internacionales pero hasta donde embarcaciones de bandera espa\u00f1ola pueden ejercer sus actividades.<\/p>\n<p>Todo ello con arreglo a las convenciones sobre alta mar, pesca y conservaci\u00f3n de los recursos vivos en alta mar, mar territorial y la zona contigua que fueron aprobadas en la I Conferencia de Naciones Unidas sobre el Derecho del Mar, de la que Espa\u00f1a es parte desde 1971.<\/p>\n<p>Como resultado de estos tratados, incluyendo la Convenci\u00f3n de Naciones Unidas sobre el Derecho del Mar (CONVEMAR) de la que nuestro pa\u00eds es parte desde 1997, fue implantado un m\u00e9todo de determinaci\u00f3n de la Zona Econ\u00f3mica Exclusiva para medir las 200 millas n\u00e1uticas de aguas.<\/p>\n<p>Comenzando por las l\u00edneas rectas de la base donde confluyan los puntos m\u00e1s extremos de cada uno de los islotes e islas del conjunto. As\u00ed, el per\u00edmetro seguir\u00e1 la configuraci\u00f3n general del grupo de islas. A todo esto tendr\u00e1 derecho Espa\u00f1a una vez se <strong>obtenga el reconocimiento legal de archipi\u00e9lago<\/strong>.<\/p>\n<h2>\u00bfPero qu\u00e9 pasar\u00e1 en julio que podr\u00eda hacer que se pierda definitivamente esta condici\u00f3n?<\/h2>\n<p>Para ponerte en contexto, Espa\u00f1a no cumple con la formalidad de ser un Estado independiente que exige el CONVEMAR. <strong>Pero esta laguna legal ha sido sorteada<\/strong> por la costumbre internacional seg\u00fan la cual hay otros archipi\u00e9lagos que est\u00e1n dentro de un Estado mixto.<\/p>\n<p>Por lo anterior, el Ministerio de Defensa de Espa\u00f1a realiz\u00f3 una solicitud de aclaratoria y enmienda, donde se extendiera esta formalidad. La cuesti\u00f3n es que esta petici\u00f3n vence en julio, por lo que las islas correr\u00edan el riesgo de perder el estatus de archipi\u00e9lago que ahora ostentan, aunque no es jur\u00eddico.<\/p>\n<p>Concluyendo, el reconocimiento internacional jur\u00eddico como archipi\u00e9lago de las Islas Canarias es de gran importancia estrat\u00e9gica y comercial para Espa\u00f1a. Sin embargo, debe insistir en sus solicitudes ante la <a href=\"https:\/\/www.ecoticias.com\/hoyeco\/onu-espana-territorio-sahara\/4946\/\">ONU<\/a> antes de que ocurra un vencimiento que nos haga perder este estatus.<\/p>\n","protected":false},"excerpt":{"rendered":"<p>Este archipi\u00e9lago de Espa\u00f1a posee un reconocimiento internacional que es \u201cmenor\u201d al de otros similares. Raz\u00f3n por la cual se &#8230; <\/p>\n<p class=\"read-more-container\"><a title=\"Este archipi\u00e9lago de Espa\u00f1a busca el \u00abreconocimiento internacional\u00bb: lo podr\u00edamos perder si sucede esto en julio\" class=\"read-more button\" href=\"https:\/\/www.ecoticias.com\/hoyeco\/espana-canarias-reconocimiento\/8588\/#more-8588\" aria-label=\"Leer m\u00e1s sobre Este archipi\u00e9lago de Espa\u00f1a busca el \u00abreconocimiento internacional\u00bb: lo podr\u00edamos perder si sucede esto en julio\">Read more<\/a><\/p>\n","protected":false},"author":6,"featured_media":8650,"comment_status":"closed","ping_status":"closed","sticky":false,"template":"","format":"standard","meta":{"footnotes":""},"categories":[2],"tags":[],"class_list":["post-8588","post","type-post","status-publish","format-standard","has-post-thumbnail","hentry","category-actualidad","resize-featured-image"],"_links":{"self":[{"href":"https:\/\/www.ecoticias.com\/hoyeco\/wp-json\/wp\/v2\/posts\/8588","targetHints":{"allow":["GET"]}}],"collection":[{"href":"https:\/\/www.ecoticias.com\/hoyeco\/wp-json\/wp\/v2\/posts"}],"about":[{"href":"https:\/\/www.ecoticias.com\/hoyeco\/wp-json\/wp\/v2\/types\/post"}],"author":[{"embeddable":true,"href":"https:\/\/www.ecoticias.com\/hoyeco\/wp-json\/wp\/v2\/users\/6"}],"replies":[{"embeddable":true,"href":"https:\/\/www.ecoticias.com\/hoyeco\/wp-json\/wp\/v2\/comments?post=8588"}],"version-history":[{"count":0,"href":"https:\/\/www.ecoticias.com\/hoyeco\/wp-json\/wp\/v2\/posts\/8588\/revisions"}],"wp:featuredmedia":[{"embeddable":true,"href":"https:\/\/www.ecoticias.com\/hoyeco\/wp-json\/wp\/v2\/media\/8650"}],"wp:attachment":[{"href":"https:\/\/www.ecoticias.com\/hoyeco\/wp-json\/wp\/v2\/media?parent=8588"}],"wp:term":[{"taxonomy":"category","embeddable":true,"href":"https:\/\/www.ecoticias.com\/hoyeco\/wp-json\/wp\/v2\/categories?post=8588"},{"taxonomy":"post_tag","embeddable":true,"href":"https:\/\/www.ecoticias.com\/hoyeco\/wp-json\/wp\/v2\/tags?post=8588"}],"curies":[{"name":"wp","href":"https:\/\/api.w.org\/{rel}","templated":true}]}}