{"id":8611,"date":"2024-07-16T15:00:05","date_gmt":"2024-07-16T13:00:05","guid":{"rendered":"https:\/\/www.ecoticias.com\/hoyeco\/?p=8611"},"modified":"2024-07-16T15:00:05","modified_gmt":"2024-07-16T13:00:05","slug":"vehiculo-hidrogeno-100-kw-logistica","status":"publish","type":"post","link":"https:\/\/www.ecoticias.com\/hoyeco\/vehiculo-hidrogeno-100-kw-logistica\/8611\/","title":{"rendered":"Este colosal veh\u00edculo funciona con hidr\u00f3geno: 100 kW y va por tierra de esta peculiar manera"},"content":{"rendered":"<p>Tres compa\u00f1\u00edas se al\u00edan en un proyecto de colaboraci\u00f3n para revolucionar el sector de la log\u00edstica en Francia y abastecer de hidr\u00f3geno a su industria. <a href=\"https:\/\/www.ecoticias.com\/hoyeco\/ue-madera-combustible-del-futuro\/8049\/\">El proyecto de movilidad sostenible<\/a> ya ha convertido la operatividad de una planta de distribuci\u00f3n de productos y ahora presenta este <strong>veh\u00edculo con una gran autonom\u00eda para descarbonizar las carreteras francesas<\/strong>.<\/p>\n<h2>El hidr\u00f3geno para el transporte de carga: un nuevo combustible que cruza su \u00ab\u00faltima frontera\u00bb<\/h2>\n<p>Los objetivos de reducci\u00f3n de los gases de efecto invernadero de la compa\u00f1\u00eda Lidl se concretan con la salida del primer transporte de carga ecol\u00f3gico de su flota para circular por la regi\u00f3n de Nantes.<\/p>\n<p><strong>El primer veh\u00edculo a pila de combustible de hidr\u00f3geno para el sector de la log\u00edstica francesa<\/strong> es el resultado de un proyecto colaborativo entre las empresas Jacky Perrenot y Lhyfe que comparten las ambiciones de eliminar la huella de carbono para la movilidad.<\/p>\n<p>El proyecto comenz\u00f3 a planificarse en el Sal\u00f3n Internacional de la Agricultura de 2020 cuando Lidl y Jacky Perrenot sellaron un convenio para electrificar la flota de distribuci\u00f3n y que un a\u00f1o despu\u00e9s permiti\u00f3 realizar la primera entrega con veh\u00edculos enchufables.<\/p>\n<p>En esta ocasi\u00f3n, <strong>el proyecto se extiende para convertir a hidr\u00f3geno toda la cadena de servicios de Lidl,<\/strong> desde su planta ubicada en Carquefou Loira-Atl\u00e1ntico inaugurada en 2022 y ahora presenta su primer cami\u00f3n con combustible verde.<\/p>\n<h2>Caracter\u00edsticas del primer veh\u00edculo de log\u00edstica abastecido con hidr\u00f3geno<\/h2>\n<p>El cami\u00f3n abastecido a hidr\u00f3geno cuenta con un peso de 26 toneladas y transporta una pila de combustible de 100 kW. Esta capacidad de energ\u00eda le permite ofrecer una autonom\u00eda m\u00e1xima de 400 km.<\/p>\n<p>El veh\u00edculo de la compa\u00f1\u00eda de distribuci\u00f3n y log\u00edstica realizar\u00e1<strong> el repostaje en la estaci\u00f3n de La Roche-sur-Yon<\/strong>, inaugurada en 2021 y la compa\u00f1\u00eda Lhyfe ser\u00e1 la responsable del suministro de la energ\u00eda verde renovable.<\/p>\n<p>El responsable de la cartera de Transporte y Medio Ambiente de la firma Lidl, Xavier Pierre asegur\u00f3 p\u00fablicamente que este veh\u00edculo representa para el transporte de Francia un hito hist\u00f3rico y para la compa\u00f1\u00eda un gran paso en su transici\u00f3n ecol\u00f3gica.<\/p>\n<p>El proyecto iniciado con<strong> el cambio de paradigma ambiental en la plataforma log\u00edstica<\/strong> es \u201cun ejemplo concreto de nuestra voluntad de trabajar con socios que comparten nuestros valores y nuestra ambici\u00f3n\u201d, agrego Pierre.<\/p>\n<h2>Antecedentes del proyecto franc\u00e9s con el primer veh\u00edculo de hidr\u00f3geno<\/h2>\n<p>Con la inauguraci\u00f3n de la primera planta log\u00edstica verde en Europa, Lidl toma la delantera en la carrera por la transici\u00f3n ecol\u00f3gica del sector, contando con m\u00e1s de 98 equipos elevadores con motor de hidr\u00f3geno que tardan de 2 a 3 minutos en recargar energ\u00eda.<\/p>\n<p>Para ello la compa\u00f1\u00eda Lhyfe, reconocida por su modelo energ\u00e9tico para la industria y la movilidad sostenible, <strong>suministra unos 95 kg por d\u00eda de hidr\u00f3geno verde proveniente de la generaci\u00f3n de parques e\u00f3licos<\/strong>.<\/p>\n<p>El desaf\u00edo para descarbonizar el sector de la movilidad pesada y el transporte de carretera es clave para el fundador y director general de Lhyfe, Matthieu Guesn\u00e9, quien resalta la importancia de contar con plantas, estaciones, veh\u00edculos y centros de mantenimiento de hidr\u00f3geno verde.<\/p>\n<p>Por su parte, los trabajos con el Grupo Jacky Perrenot, quien ha hecho la adaptaci\u00f3n del veh\u00edculo, tiene una <strong>trayectoria destacada contra el cambio clim\u00e1tico<\/strong> desde el a\u00f1o 2012, por lo que ha recibido la etiqueta \u00abObjectif CO2\u00bb por sus esfuerzos en la reducci\u00f3n de emisiones.<\/p>\n<p>El avance en <a href=\"https:\/\/www.ecoticias.com\/hoyeco\/vehiculo-futurista-combustible\/7453\/\">la transici\u00f3n ecol\u00f3gica de la movilidad<\/a> y principalmente del transporte de carga y de media y larga distancia es un gran paso hacia la descarbonizaci\u00f3n, teniendo en cuenta que es el sector que mayor contaminaci\u00f3n contribuye con el 25% de las emisiones de carbono. Ahora esperamos que sirva de ejemplo para otras compa\u00f1\u00edas para el cambio energ\u00e9tico hacia la movilidad sostenible.<\/p>\n<p>&nbsp;<\/p>\n","protected":false},"excerpt":{"rendered":"<p>Tres compa\u00f1\u00edas se al\u00edan en un proyecto de colaboraci\u00f3n para revolucionar el sector de la log\u00edstica en Francia y abastecer &#8230; <\/p>\n<p class=\"read-more-container\"><a title=\"Este colosal veh\u00edculo funciona con hidr\u00f3geno: 100 kW y va por tierra de esta peculiar manera\" class=\"read-more button\" href=\"https:\/\/www.ecoticias.com\/hoyeco\/vehiculo-hidrogeno-100-kw-logistica\/8611\/#more-8611\" aria-label=\"Leer m\u00e1s sobre Este colosal veh\u00edculo funciona con hidr\u00f3geno: 100 kW y va por tierra de esta peculiar manera\">Read more<\/a><\/p>\n","protected":false},"author":8,"featured_media":8667,"comment_status":"closed","ping_status":"closed","sticky":false,"template":"","format":"standard","meta":{"footnotes":""},"categories":[6],"tags":[],"class_list":["post-8611","post","type-post","status-publish","format-standard","has-post-thumbnail","hentry","category-movilidad","resize-featured-image"],"_links":{"self":[{"href":"https:\/\/www.ecoticias.com\/hoyeco\/wp-json\/wp\/v2\/posts\/8611","targetHints":{"allow":["GET"]}}],"collection":[{"href":"https:\/\/www.ecoticias.com\/hoyeco\/wp-json\/wp\/v2\/posts"}],"about":[{"href":"https:\/\/www.ecoticias.com\/hoyeco\/wp-json\/wp\/v2\/types\/post"}],"author":[{"embeddable":true,"href":"https:\/\/www.ecoticias.com\/hoyeco\/wp-json\/wp\/v2\/users\/8"}],"replies":[{"embeddable":true,"href":"https:\/\/www.ecoticias.com\/hoyeco\/wp-json\/wp\/v2\/comments?post=8611"}],"version-history":[{"count":0,"href":"https:\/\/www.ecoticias.com\/hoyeco\/wp-json\/wp\/v2\/posts\/8611\/revisions"}],"wp:featuredmedia":[{"embeddable":true,"href":"https:\/\/www.ecoticias.com\/hoyeco\/wp-json\/wp\/v2\/media\/8667"}],"wp:attachment":[{"href":"https:\/\/www.ecoticias.com\/hoyeco\/wp-json\/wp\/v2\/media?parent=8611"}],"wp:term":[{"taxonomy":"category","embeddable":true,"href":"https:\/\/www.ecoticias.com\/hoyeco\/wp-json\/wp\/v2\/categories?post=8611"},{"taxonomy":"post_tag","embeddable":true,"href":"https:\/\/www.ecoticias.com\/hoyeco\/wp-json\/wp\/v2\/tags?post=8611"}],"curies":[{"name":"wp","href":"https:\/\/api.w.org\/{rel}","templated":true}]}}