{"id":8859,"date":"2024-07-25T15:30:04","date_gmt":"2024-07-25T13:30:04","guid":{"rendered":"https:\/\/www.ecoticias.com\/hoyeco\/?p=8859"},"modified":"2024-07-25T15:30:04","modified_gmt":"2024-07-25T13:30:04","slug":"espana-playa-prohibida-region","status":"publish","type":"post","link":"https:\/\/www.ecoticias.com\/hoyeco\/espana-playa-prohibida-region\/8859\/","title":{"rendered":"Espa\u00f1a descubre la \u00abplaya prohibida\u00bb en esta regi\u00f3n: es paradis\u00edaca, pero jam\u00e1s podr\u00e1s visitarla"},"content":{"rendered":"<p>Las riberas son los centros recreativos preferidos por los espa\u00f1oles, nada como un d\u00eda de sol y ba\u00f1o en un lugar muy hermoso y cuya vista al mar es relajante. Pero ahora Espa\u00f1a ha descubierto una particular playa la cual, a pesar de ser <a href=\"https:\/\/www.ecoticias.com\/hoyeco\/alternativa-maldivas\/4143\/\">paradis\u00edaca<\/a>, no se puede visitar pero todo el mundo va a ella.<\/p>\n<h2>La playa prohibida que mantiene en discordia al ayuntamiento con los vecinos<\/h2>\n<p>En la ciudad de Alicante est\u00e1 una <strong>playa urbana bautizada como San Gabriel<\/strong>, que se encuentra en el \u00e1rea sur de la ciudad, justo al lado del Puerto. Sin embargo, esta no ha sido reconocida como tal, sino que es un arenal de unos 400 metros de largo y que representa la manzana de la discordia.<\/p>\n<p>Puesto que es el epicentro de una lucha legal entre el consistorio de Alicante y las asociaciones de vecinos Gran V\u00eda Sur Puerto Avanza y San Gabriel. Estos \u00faltimos piden que sea reconocida como playa y se quite el mote de estar prohibida, para que pueda ser disfrutada sin temor.<\/p>\n<h2>Pero \u00bfpor qu\u00e9 no puedo visitarla si est\u00e1 all\u00ed para disfrutarla?<\/h2>\n<p>La raz\u00f3n de no poder visitarla no es porque est\u00e1 prohibida. De hecho, al cartel que se coloc\u00f3 anunciando tal prohibici\u00f3n, ni los vecinos ni las autoridades locales hacen caso. El motivo por el que no la puedes visitar es muy sencillo: <strong>no existe, solo es un arenal<\/strong>.<\/p>\n<p>De tal forma que puedes disfrutar de arena fina a la orilla del mar que est\u00e1 siendo mantenida por las instituciones municipales pero, seg\u00fan el ayuntamiento, no es una playa. Para fijar posici\u00f3n deteng\u00e1monos un poco y conozcamos c\u00f3mo se conceptualiza lo que es una playa.<\/p>\n<p>Tal y como la define la Ley de Costas en el inciso \u201cb\u201d del art\u00edculo 3.1, son \u201czonas de dep\u00f3sito de materiales sueltos, tales como arenas, gravas y guijarros\u2026\u201d, adem\u00e1s, estos sitios deben cumplir con ciertas normativas de seguridad y comodidad para el disfrute y recreaci\u00f3n de las personas.<\/p>\n<p>La mayor\u00eda de estos requerimientos los cumple la ribera de San Gabriel, sin embargo, no re\u00fane requisitos medioambientales referidos a la pureza del agua o a las buenas condiciones de la posidonia, lo que impide que tenga bandera azul. Pero todos los d\u00edas llegan vecinos a darse un chapuz\u00f3n.<\/p>\n<p>Ahora, esta ribera es como un iceberg de un problema de vertidos que es muy grave, por lo que la calidad y pureza del agua est\u00e1 en entredicho. Esto se debe a su cercan\u00eda con la depuradora de Rinc\u00f3n de Le\u00f3n, que es la m\u00e1s grande de la ciudad y cuyos desechos son copiosos y continuos.<\/p>\n<p>Adicionalmente, la respuesta del ayuntamiento municipal es que no posee la infraestructura ni las v\u00edas de acceso propias ni cuenta con los servicios recreativos y de seguridad para ser considerada una playa urbana. Y quiz\u00e1s tienen raz\u00f3n pues, para llegar a ella, se debe utilizar una endeble pasarela.<\/p>\n<p>Con base en lo anterior, la municipalidad no niega que exista el sitio, <strong>pero como \u00e1rea de costas<\/strong>. Debemos decir que el Juzgado de lo Contencioso Administrativo 2 de Alicante dict\u00f3 una decisi\u00f3n a favor de las asociaciones de vecinos. Pero la misma fue apelada.<\/p>\n<h2>Quiero ir a San Gabriel, pero \u00bfc\u00f3mo la encuentro?<\/h2>\n<p>Todas las circunstancias que te hemos mencionado bastar\u00edan para que todos corrieran en direcci\u00f3n contraria. Pero hay muchas personas que hablan de su playa a la que han ido toda la vida, por lo que <strong>se niegan en redondo a renunciar a ella<\/strong>.<\/p>\n<p>Si eres uno de ellos, la puedes encontrar en sitios web no oficiales y de rese\u00f1as, que por cierto son muy favorables como contar con un <a href=\"https:\/\/www.ecoticias.com\/hoyeco\/playa-bandera-azul-interior-espana\/8151\/\">bello entorno natural<\/a>, adecuado para descansar y darse un ba\u00f1o. Desde ella se puede ver la d\u00e1rsena marina y las llegadas y salidas del ferry que lleva a Or\u00e1n.<\/p>\n","protected":false},"excerpt":{"rendered":"<p>Las riberas son los centros recreativos preferidos por los espa\u00f1oles, nada como un d\u00eda de sol y ba\u00f1o en un &#8230; <\/p>\n<p class=\"read-more-container\"><a title=\"Espa\u00f1a descubre la \u00abplaya prohibida\u00bb en esta regi\u00f3n: es paradis\u00edaca, pero jam\u00e1s podr\u00e1s visitarla\" class=\"read-more button\" href=\"https:\/\/www.ecoticias.com\/hoyeco\/espana-playa-prohibida-region\/8859\/#more-8859\" aria-label=\"Leer m\u00e1s sobre Espa\u00f1a descubre la \u00abplaya prohibida\u00bb en esta regi\u00f3n: es paradis\u00edaca, pero jam\u00e1s podr\u00e1s visitarla\">Read more<\/a><\/p>\n","protected":false},"author":6,"featured_media":8922,"comment_status":"closed","ping_status":"closed","sticky":false,"template":"","format":"standard","meta":{"footnotes":""},"categories":[2],"tags":[],"class_list":["post-8859","post","type-post","status-publish","format-standard","has-post-thumbnail","hentry","category-actualidad","resize-featured-image"],"_links":{"self":[{"href":"https:\/\/www.ecoticias.com\/hoyeco\/wp-json\/wp\/v2\/posts\/8859","targetHints":{"allow":["GET"]}}],"collection":[{"href":"https:\/\/www.ecoticias.com\/hoyeco\/wp-json\/wp\/v2\/posts"}],"about":[{"href":"https:\/\/www.ecoticias.com\/hoyeco\/wp-json\/wp\/v2\/types\/post"}],"author":[{"embeddable":true,"href":"https:\/\/www.ecoticias.com\/hoyeco\/wp-json\/wp\/v2\/users\/6"}],"replies":[{"embeddable":true,"href":"https:\/\/www.ecoticias.com\/hoyeco\/wp-json\/wp\/v2\/comments?post=8859"}],"version-history":[{"count":0,"href":"https:\/\/www.ecoticias.com\/hoyeco\/wp-json\/wp\/v2\/posts\/8859\/revisions"}],"wp:featuredmedia":[{"embeddable":true,"href":"https:\/\/www.ecoticias.com\/hoyeco\/wp-json\/wp\/v2\/media\/8922"}],"wp:attachment":[{"href":"https:\/\/www.ecoticias.com\/hoyeco\/wp-json\/wp\/v2\/media?parent=8859"}],"wp:term":[{"taxonomy":"category","embeddable":true,"href":"https:\/\/www.ecoticias.com\/hoyeco\/wp-json\/wp\/v2\/categories?post=8859"},{"taxonomy":"post_tag","embeddable":true,"href":"https:\/\/www.ecoticias.com\/hoyeco\/wp-json\/wp\/v2\/tags?post=8859"}],"curies":[{"name":"wp","href":"https:\/\/api.w.org\/{rel}","templated":true}]}}