{"id":8997,"date":"2024-08-03T16:00:40","date_gmt":"2024-08-03T14:00:40","guid":{"rendered":"https:\/\/www.ecoticias.com\/hoyeco\/?p=8997"},"modified":"2024-08-03T16:00:40","modified_gmt":"2024-08-03T14:00:40","slug":"aire-acondicionado-paneles-solares","status":"publish","type":"post","link":"https:\/\/www.ecoticias.com\/hoyeco\/aire-acondicionado-paneles-solares\/8997\/","title":{"rendered":"Adi\u00f3s a los paneles solares y al aire acondicionado con estas ventanas: 20 \u00baC menos y energ\u00eda gratis incluso de noche"},"content":{"rendered":"<p>Cuando hay luz solar, los <a href=\"https:\/\/www.ecoticias.com\/hoyeco\/persianas-fotovoltaicas-paneles\/7017\/\">paneles solares<\/a> generan electricidad, lo cual siempre es bueno. Pero en \u00e9poca de verano, el calor que se produce afecta su rendimiento, adem\u00e1s de causar incomodidad dentro de las casas. Te traemos unos cubrimientos para ventanas que vienen a dar soluci\u00f3n a esta problem\u00e1tica.<\/p>\n<h2>Ventanas fotovoltaicas de nueva tecnolog\u00eda<\/h2>\n<p>Buscando una alternativa sostenible para que los edificios sean energ\u00e9ticamente m\u00e1s eficientes, se ha popularizado el vidrio fotovoltaico o BPV. Esta pieza novedosa se instala en las ventanas de la edificaci\u00f3n, convirtiendo las ventanas en generadoras de energ\u00eda el\u00e9ctrica.<\/p>\n<p>Pero el problema que presentan es la acumulaci\u00f3n de calor. Ahora, un grupo de investigaci\u00f3n de la <strong>Universidad de Ciencia y Tecnolog\u00eda de Hong Kong<\/strong> ha creado una revolucionaria tecnolog\u00eda de ventana, la cual no solo produce energ\u00eda como la BPV, sino que refrigera el ambiente donde se coloca.<\/p>\n<h2>Un nuevo concepto en energ\u00eda fotovoltaica que sustituye al aire acondicionado<\/h2>\n<p>El m\u00e1s reciente descubrimiento se llama acristalamiento fotovoltaico semitransparente recubierto o CSTPV. <strong>Es una ventana que act\u00faa como un panel solar<\/strong>, pero igualmente tiene la capacidad de reflejar el calor, convirti\u00e9ndose en un elemento clave contra el cambio clim\u00e1tico.<\/p>\n<p>Este elemento consiste en una cubierta radiativa refrigerante de teluro de cadmio (CdTe), que tiene caracter\u00edsticas muy adecuadas para este uso. Al respecto, es muy barato, flexible y altamente eficiente en la conversi\u00f3n en electricidad de la luz del sol.<\/p>\n<p>De igual forma, es pasivo y posee un alto nivel de transparencia. Asimismo, imita el efecto producido por pinturas y tejidos reductores de la temperatura, resolviendo uno de los principales problemas de las placas fotovoltaicas, que es la acumulaci\u00f3n de calor en toda su superficie.<\/p>\n<p>Lo que disminuye significativamente su eficiencia y acorta su vida \u00fatil. Combinando ambos conceptos, generaci\u00f3n de electricidad y refrigeraci\u00f3n, los cient\u00edficos inventaron un sistema muy eficiente energ\u00e9ticamente y que mejora la gesti\u00f3n t\u00e9rmica sin afectar la iluminaci\u00f3n interior.<\/p>\n<h2>Las pruebas realizadas a este nuevo tipo de ventanas fotovoltaicas y sus resultados<\/h2>\n<p>Antes de iniciar con las mismas, fueron dise\u00f1adas ventanas que tienen c\u00e9lulas solares en un 40 % de su superficie, a la vez que su espesor es de menos de ocho mil\u00edmetros y est\u00e1n recubiertas con el nuevo material. Para verificar la generaci\u00f3n, los creadores las orientaron hacia el sur.<\/p>\n<p>En esta posici\u00f3n observaron que <strong>producen un 3 % m\u00e1s de electricidad<\/strong> que las que no inclu\u00edan el revestimiento con CSTPV, al mismo tiempo que disminuy\u00f3 su absorci\u00f3n del calor en un 15 % Lo cual es una gran mejora en su gesti\u00f3n cal\u00f3rica y de la temperatura, sobre todo en la noche.<\/p>\n<p>Esto \u00faltimo se debe a que posee una propiedad que es un aislante ac\u00fastico y t\u00e9rmico. Este atributo se le llama acristalamiento al vac\u00edo. Para crear este efecto, usaron dos capas transparentes de 3,2 mm de grosor, colocadas una en el frente y otra en el lado posterior.<\/p>\n<p>En medio de ambas hay una cavidad de vac\u00edo la cual se mantiene a baja presi\u00f3n. Resulta muy interesante la capacidad que tienen estas ventanas respecto a la temperatura, puesto que las que ten\u00edan revestimiento dieron como resultado una refrigeraci\u00f3n del interior de 20 grados cent\u00edgrados.<\/p>\n<p>Ahora, en lo que se refiere a la iluminaci\u00f3n, se observ\u00f3 que dejan pasar menos luz que las que no ten\u00edan revestimiento. Pero esta disminuci\u00f3n es casi imperceptible al ojo humano, por lo que no se pierde confort, en el recinto, por esa causa.<\/p>\n<p>En conclusi\u00f3n, esta nueva tecnolog\u00eda de ventanas cumple las funciones de <a href=\"https:\/\/www.ecoticias.com\/hoyeco\/adios-aire-acondicionado-enfria\/8737\/\">aire acondicionado<\/a> y paneles solares. Por lo que, con su comercializaci\u00f3n, podemos decir adi\u00f3s a estos dos componentes. Son muy baratas y tienen una vida \u00fatil muy larga.<\/p>\n","protected":false},"excerpt":{"rendered":"<p>Cuando hay luz solar, los paneles solares generan electricidad, lo cual siempre es bueno. Pero en \u00e9poca de verano, el &#8230; <\/p>\n<p class=\"read-more-container\"><a title=\"Adi\u00f3s a los paneles solares y al aire acondicionado con estas ventanas: 20 \u00baC menos y energ\u00eda gratis incluso de noche\" class=\"read-more button\" href=\"https:\/\/www.ecoticias.com\/hoyeco\/aire-acondicionado-paneles-solares\/8997\/#more-8997\" aria-label=\"Leer m\u00e1s sobre Adi\u00f3s a los paneles solares y al aire acondicionado con estas ventanas: 20 \u00baC menos y energ\u00eda gratis incluso de noche\">Read more<\/a><\/p>\n","protected":false},"author":6,"featured_media":9000,"comment_status":"closed","ping_status":"closed","sticky":false,"template":"","format":"standard","meta":{"footnotes":""},"categories":[5],"tags":[],"class_list":["post-8997","post","type-post","status-publish","format-standard","has-post-thumbnail","hentry","category-energia","resize-featured-image"],"_links":{"self":[{"href":"https:\/\/www.ecoticias.com\/hoyeco\/wp-json\/wp\/v2\/posts\/8997","targetHints":{"allow":["GET"]}}],"collection":[{"href":"https:\/\/www.ecoticias.com\/hoyeco\/wp-json\/wp\/v2\/posts"}],"about":[{"href":"https:\/\/www.ecoticias.com\/hoyeco\/wp-json\/wp\/v2\/types\/post"}],"author":[{"embeddable":true,"href":"https:\/\/www.ecoticias.com\/hoyeco\/wp-json\/wp\/v2\/users\/6"}],"replies":[{"embeddable":true,"href":"https:\/\/www.ecoticias.com\/hoyeco\/wp-json\/wp\/v2\/comments?post=8997"}],"version-history":[{"count":0,"href":"https:\/\/www.ecoticias.com\/hoyeco\/wp-json\/wp\/v2\/posts\/8997\/revisions"}],"wp:featuredmedia":[{"embeddable":true,"href":"https:\/\/www.ecoticias.com\/hoyeco\/wp-json\/wp\/v2\/media\/9000"}],"wp:attachment":[{"href":"https:\/\/www.ecoticias.com\/hoyeco\/wp-json\/wp\/v2\/media?parent=8997"}],"wp:term":[{"taxonomy":"category","embeddable":true,"href":"https:\/\/www.ecoticias.com\/hoyeco\/wp-json\/wp\/v2\/categories?post=8997"},{"taxonomy":"post_tag","embeddable":true,"href":"https:\/\/www.ecoticias.com\/hoyeco\/wp-json\/wp\/v2\/tags?post=8997"}],"curies":[{"name":"wp","href":"https:\/\/api.w.org\/{rel}","templated":true}]}}