{"id":9116,"date":"2024-08-05T16:00:32","date_gmt":"2024-08-05T14:00:32","guid":{"rendered":"https:\/\/www.ecoticias.com\/hoyeco\/?p=9116"},"modified":"2024-08-05T16:00:32","modified_gmt":"2024-08-05T14:00:32","slug":"caribe-polinesia-espanola-playa","status":"publish","type":"post","link":"https:\/\/www.ecoticias.com\/hoyeco\/caribe-polinesia-espanola-playa\/9116\/","title":{"rendered":"Ni el Caribe, ni la Polinesia, sino esta regi\u00f3n espa\u00f1ola: la playa m\u00e1s paradis\u00edaca del mundo y su extra\u00f1o color de agua"},"content":{"rendered":"<p>La playa es uno de los lugares preferidos por todos, puesto que te ofrece la oportunidad de descansar desconect\u00e1ndote del bullicio de la ciudad, as\u00ed como de realizar actividades deportivas mar\u00edtimas. Aqu\u00ed te traemos una que es ideal para todo, por ser <a href=\"https:\/\/www.ecoticias.com\/hoyeco\/espana-playa-prohibida-region\/8859\/\">paradis\u00edaca<\/a> y tener un color de agua muy particular.<\/p>\n<h2>Una cala ubicada en Espa\u00f1a tan hermosa que te har\u00e1 sentir en el para\u00edso<\/h2>\n<p><strong>Esta playa es la llamada Cal\u00f3 des Moro<\/strong>, una peque\u00f1a cala de Mallorca conocida como \u201cla joya de las Baleares\u201d por su arena fina y blanca, as\u00ed como por sus aguas color turquesa. Es por ello que, durante casi todo el a\u00f1o, pero sobre todo en el verano, recibe una gran cantidad de visitantes.<\/p>\n<p>Tiene la distinci\u00f3n de haber sido incluida entre las mejores 50 de todo el planeta, junto con otros de Australia, Grecia, Italia y otros pa\u00edses. Adem\u00e1s, es la \u00fanica que pertenece al id\u00edlico mar Mediterr\u00e1neo con sus bellas vistas. Tiene un paisaje paradis\u00edaco digno de la Polinesia o el Caribe.<\/p>\n<h2>La playa de Cal\u00f3 des Moro: una versi\u00f3n espa\u00f1ola de un para\u00edso tropical<\/h2>\n<p>La playa Cal\u00f3 des Moro consiste en una peque\u00f1a cala, que <strong>tiene una longitud de unos 40 metros<\/strong>, ubicada a seis kil\u00f3metros de la localidad de Santany\u00ed, al oeste de Mallorca y a unos pocos metros de Cala Llombards. Se encuentra en medio de altos y escarpados acantilados repletos de vegetaci\u00f3n.<\/p>\n<p>Es un arenal cuyas aguas cristalinas y tranquilas de color turquesa, una caracter\u00edstica \u00fanica de esta zona del Mediterr\u00e1neo, hacen de esta \u00e1rea una de belleza buc\u00f3lica. Como hemos dicho, son muchos los turistas que desean visitarla, aunque llegar a ella es un tanto dificultoso.<\/p>\n<p>Ya que, para poder acostarte en su arena fina, primero debes caminar poco m\u00e1s de un kil\u00f3metro desde donde tienes que dejar el coche. Despu\u00e9s llegas a los acantilados y bajas unos 400 metros por un sendero que tiene una gran pendiente y es escarpado. Pero la odisea bien vale la pena.<\/p>\n<p>Puesto que al final tendr\u00e1s a la vista una de los balnearios m\u00e1s hermosos de toda Europa. Sus aguas son muy tranquilas y la pendiente es muy suave, por lo que es de poca profundidad. Esto la hace ideal para ir con los ni\u00f1os, quienes podr\u00e1n disfrutarla sin peligro, aun cuando no est\u00e9n supervisados.<\/p>\n<p>Para los adultos, tambi\u00e9n representa un sitio ideal ya que podr\u00e1s dormitar en la blanca arena bajo el sol, el cual dependiendo de la \u00e9poca del a\u00f1o ser\u00e1 muy suave o radiante o puedes practicar tu deporte marino preferido como el buceo, que resulta una gran experiencia por sus aguas claras.<\/p>\n<p>U otros deportes como el submarinismo, pero si prefieres actividades fuera del agua puedes hacer senderismo para descubrir sitios de gran belleza natural. Asimismo, otra excelente opci\u00f3n para conocerla\u00a0 este para\u00edso es accediendo a ella en peque\u00f1as embarcaciones.<\/p>\n<p>As\u00ed que, sea como sea que desees llegar, el esfuerzo lo ver\u00e1s recompensado por estar en un lugar que te transportar\u00e1 al Caribe o la Polinesia sin salir de Espa\u00f1a. Y es que no en vano esta peque\u00f1a playa <strong>est\u00e1 reconocida como una de las mejores<\/strong> de la Costa del Sol, las Islas Canarias y las Baleares.<\/p>\n<h2>Si vas a visitarla, ten en cuenta que no posee todos los servicios tur\u00edsticos a los que est\u00e1s acostumbrado<\/h2>\n<p>Como esta playa est\u00e1 localizada en un enclave virgen y de dif\u00edcil acceso, adem\u00e1s de estar en una zona protegida, no tiene ning\u00fan tipo de servicio tur\u00edstico, como restaurantes u hosteler\u00eda, por lo que debes ir preparado para <strong>disfrutar con comodidad de esta maravillosa cala<\/strong>.<\/p>\n<p>En conclusi\u00f3n, Cal\u00f3 des Moro es una playa id\u00edlica cuyas aguas son muy tranquilas, cristalinas y de un color turquesa que la hace destacar. Por lo que no conseguir\u00e1s una igual en nuestro pa\u00eds, en el Caribe o en la Polinesia con toda su exuberante <a href=\"https:\/\/www.ecoticias.com\/hoyeco\/espana-islas-privadas-venta\/6721\/\">belleza<\/a>.<\/p>\n","protected":false},"excerpt":{"rendered":"<p>La playa es uno de los lugares preferidos por todos, puesto que te ofrece la oportunidad de descansar desconect\u00e1ndote del &#8230; <\/p>\n<p class=\"read-more-container\"><a title=\"Ni el Caribe, ni la Polinesia, sino esta regi\u00f3n espa\u00f1ola: la playa m\u00e1s paradis\u00edaca del mundo y su extra\u00f1o color de agua\" class=\"read-more button\" href=\"https:\/\/www.ecoticias.com\/hoyeco\/caribe-polinesia-espanola-playa\/9116\/#more-9116\" aria-label=\"Leer m\u00e1s sobre Ni el Caribe, ni la Polinesia, sino esta regi\u00f3n espa\u00f1ola: la playa m\u00e1s paradis\u00edaca del mundo y su extra\u00f1o color de agua\">Read more<\/a><\/p>\n","protected":false},"author":6,"featured_media":9118,"comment_status":"closed","ping_status":"closed","sticky":false,"template":"","format":"standard","meta":{"footnotes":""},"categories":[2],"tags":[],"class_list":["post-9116","post","type-post","status-publish","format-standard","has-post-thumbnail","hentry","category-actualidad","resize-featured-image"],"_links":{"self":[{"href":"https:\/\/www.ecoticias.com\/hoyeco\/wp-json\/wp\/v2\/posts\/9116","targetHints":{"allow":["GET"]}}],"collection":[{"href":"https:\/\/www.ecoticias.com\/hoyeco\/wp-json\/wp\/v2\/posts"}],"about":[{"href":"https:\/\/www.ecoticias.com\/hoyeco\/wp-json\/wp\/v2\/types\/post"}],"author":[{"embeddable":true,"href":"https:\/\/www.ecoticias.com\/hoyeco\/wp-json\/wp\/v2\/users\/6"}],"replies":[{"embeddable":true,"href":"https:\/\/www.ecoticias.com\/hoyeco\/wp-json\/wp\/v2\/comments?post=9116"}],"version-history":[{"count":0,"href":"https:\/\/www.ecoticias.com\/hoyeco\/wp-json\/wp\/v2\/posts\/9116\/revisions"}],"wp:featuredmedia":[{"embeddable":true,"href":"https:\/\/www.ecoticias.com\/hoyeco\/wp-json\/wp\/v2\/media\/9118"}],"wp:attachment":[{"href":"https:\/\/www.ecoticias.com\/hoyeco\/wp-json\/wp\/v2\/media?parent=9116"}],"wp:term":[{"taxonomy":"category","embeddable":true,"href":"https:\/\/www.ecoticias.com\/hoyeco\/wp-json\/wp\/v2\/categories?post=9116"},{"taxonomy":"post_tag","embeddable":true,"href":"https:\/\/www.ecoticias.com\/hoyeco\/wp-json\/wp\/v2\/tags?post=9116"}],"curies":[{"name":"wp","href":"https:\/\/api.w.org\/{rel}","templated":true}]}}