{"id":9230,"date":"2024-08-03T14:30:07","date_gmt":"2024-08-03T12:30:07","guid":{"rendered":"https:\/\/www.ecoticias.com\/hoyeco\/?p=9230"},"modified":"2024-08-03T14:30:07","modified_gmt":"2024-08-03T12:30:07","slug":"central-nuclear-espana-almaraz","status":"publish","type":"post","link":"https:\/\/www.ecoticias.com\/hoyeco\/central-nuclear-espana-almaraz\/9230\/","title":{"rendered":"La central nuclear que ha provocado un susto hist\u00f3rico en Espa\u00f1a: la cat\u00e1strofe de la que nos hemos librado este mes"},"content":{"rendered":"<p>A pesar de que <a href=\"https:\/\/www.ecoticias.com\/hoyeco\/espana-apagon-energetico-mas-grande\/8246\/\">las plantas nucleares en Espa\u00f1a tienen fecha de vencimiento<\/a>, de acuerdo a las disposiciones gubernamentales alineadas con los objetivos de desnuclearizaci\u00f3n de la energ\u00eda, la mayor\u00eda de ellas est\u00e1n a pleno funcionamiento contando los d\u00edas para apagarse. Mientras tanto,<strong> la alarma son\u00f3 en una ciudad espa\u00f1ola tras verificarse<\/strong> <strong>un inconveniente en su central nuclear que podr\u00eda haber sido una cat\u00e1strofe<\/strong>.<\/p>\n<h2>Una central nuclear espa\u00f1ola provoca temblor en la comunidad<\/h2>\n<p>Muchas de las cat\u00e1strofes mundiales han llegado tras una gran calma, sin aviso previo y este suceso sin dudas pudo haber sido el caso que hoy nos preocupa. Recientemente un episodio anormal ha ocurrido en una central nuclear de Espa\u00f1a para sorpresa de la poblaci\u00f3n.<\/p>\n<p><strong>Uno de los reactores nucleares de Almaraz ubicadas en la localidad de C\u00e1ceres<\/strong> notific\u00f3 hace unos d\u00edas que dos v\u00e1lvulas de protecci\u00f3n de la seguridad hab\u00edan permanecido inoperables, pasando inadvertidas por los operarios de la planta.<\/p>\n<p>La central nuclear Almaraz II fue la instalaci\u00f3n que present\u00f3 un funcionamiento inusual y por fuera de los l\u00edmites establecidos de las Especificaciones T\u00e9cnicas de Funcionamiento (ETF), lo que produjo inquietud y encendi\u00f3 todas las alarmas de las autoridades nucleares.<\/p>\n<p>El Consejo de Seguridad Nuclear (CSN) destac\u00f3 que esta situaci\u00f3n que caus\u00f3 intranquilidad entre los operarios no ha resultado da\u00f1ina ni para el ambiente, ni para las personas por lo que, a pesar de encontrarse fuera de los valores normales, <strong>no gener\u00f3 ning\u00fan tipo de impacto.<\/strong><\/p>\n<h2>La central de Almaraz en el foco de atenci\u00f3n antes del apag\u00f3n total<\/h2>\n<p>En medio de la controversia por el cierre de las plantas nucleares en Espa\u00f1a, la central nuclear de Almaraz vuelve a estar en los titulares de los peri\u00f3dicos tras presentar no uno sino dos comportamientos irregulares: una falla en sus v\u00e1lvulas de seguridad y un desapercibido registro de esa falla.<\/p>\n<p>Es decir, que la ciudad de C\u00e1ceres y sus alrededores hoy pueden contar este confuso episodio como un inconveniente m\u00e1s cuando<strong> pudo haber sido una cat\u00e1strofe mayor de forma sorpresiva,<\/strong> sin anuncio previo.<\/p>\n<p>Lo cierto es que las autoridades de la central nuclear que seg\u00fan las reglamentaciones cerrar\u00e1 sus puertas para el 2028 han confirmado que el anormal funcionamiento fue ocurrido porque los man\u00f3metros de prueba no cumplen los requisitos exigidos por el c\u00f3digo ASME OM.<\/p>\n<p>Los efectos producidos por estos dispositivos anal\u00f3gicos utilizados para determinar <strong>la presi\u00f3n de ajuste de las v\u00e1lvulas se encuentran dentro del intervalo de incertidumbre permitida por las ETF<\/strong>, pero no se atienen a las normas del c\u00f3digo que regulariza la operatividad de la central nuclear.<\/p>\n<h2>La falla en la planta nuclear Almaraz II pudo haber provocado una cat\u00e1strofe<\/h2>\n<p>De acuerdo a los resultados aportados por el Consejo de Seguridad Nuclear, la falla se produce en el sistema de refrigeraci\u00f3n de agua del reactor que protege contra las sobrepresiones en fr\u00edo y se ocupa de extraer el calor residual (RHR) de esta unidad.<\/p>\n<p>A pesar de este inconveniente que ha pasado inadvertido por el sistema de seguridad, el CSN se\u00f1ala que el suceso<strong> se ha calificado con un nivel 0 en la Escala Internacional de Sucesos Nucleares y Radiol\u00f3gicos (INES)<\/strong>, lo que corrobora que no ha causado perjuicios en la comunidad.<\/p>\n<p>No obstante el indemne resultado que provoc\u00f3 este irregular funcionamiento, la autoridad m\u00e1xima en materia nuclear advirti\u00f3 que se aumentaron los sistemas de vigilancia en la central nuclear de Almaraz, que se encuentra al 100% de su potencia.<\/p>\n<p>No entraremos aqu\u00ed en el debate de si es buena o no la reglamentaci\u00f3n del cierre de las plantas nucleares, pero si sugerimos que la seguridad del medio ambiente y de los seres vivos debe estar confirmada ante cualquier eventualidad o falla t\u00e9cnica imprevista. Para quienes se benefician de <a href=\"https:\/\/www.ecoticias.com\/hoyeco\/energia-nuclear-espana-problema\/8628\/\">la energ\u00eda renovable de la central nuclear<\/a> deben considerar la responsabilidad que tienen en sus manos.<\/p>\n<p>&nbsp;<\/p>\n<p>&nbsp;<\/p>\n","protected":false},"excerpt":{"rendered":"<p>A pesar de que las plantas nucleares en Espa\u00f1a tienen fecha de vencimiento, de acuerdo a las disposiciones gubernamentales alineadas &#8230; <\/p>\n<p class=\"read-more-container\"><a title=\"La central nuclear que ha provocado un susto hist\u00f3rico en Espa\u00f1a: la cat\u00e1strofe de la que nos hemos librado este mes\" class=\"read-more button\" href=\"https:\/\/www.ecoticias.com\/hoyeco\/central-nuclear-espana-almaraz\/9230\/#more-9230\" aria-label=\"Leer m\u00e1s sobre La central nuclear que ha provocado un susto hist\u00f3rico en Espa\u00f1a: la cat\u00e1strofe de la que nos hemos librado este mes\">Read more<\/a><\/p>\n","protected":false},"author":8,"featured_media":9231,"comment_status":"closed","ping_status":"closed","sticky":false,"template":"","format":"standard","meta":{"footnotes":""},"categories":[5],"tags":[],"class_list":["post-9230","post","type-post","status-publish","format-standard","has-post-thumbnail","hentry","category-energia","resize-featured-image"],"_links":{"self":[{"href":"https:\/\/www.ecoticias.com\/hoyeco\/wp-json\/wp\/v2\/posts\/9230","targetHints":{"allow":["GET"]}}],"collection":[{"href":"https:\/\/www.ecoticias.com\/hoyeco\/wp-json\/wp\/v2\/posts"}],"about":[{"href":"https:\/\/www.ecoticias.com\/hoyeco\/wp-json\/wp\/v2\/types\/post"}],"author":[{"embeddable":true,"href":"https:\/\/www.ecoticias.com\/hoyeco\/wp-json\/wp\/v2\/users\/8"}],"replies":[{"embeddable":true,"href":"https:\/\/www.ecoticias.com\/hoyeco\/wp-json\/wp\/v2\/comments?post=9230"}],"version-history":[{"count":0,"href":"https:\/\/www.ecoticias.com\/hoyeco\/wp-json\/wp\/v2\/posts\/9230\/revisions"}],"wp:featuredmedia":[{"embeddable":true,"href":"https:\/\/www.ecoticias.com\/hoyeco\/wp-json\/wp\/v2\/media\/9231"}],"wp:attachment":[{"href":"https:\/\/www.ecoticias.com\/hoyeco\/wp-json\/wp\/v2\/media?parent=9230"}],"wp:term":[{"taxonomy":"category","embeddable":true,"href":"https:\/\/www.ecoticias.com\/hoyeco\/wp-json\/wp\/v2\/categories?post=9230"},{"taxonomy":"post_tag","embeddable":true,"href":"https:\/\/www.ecoticias.com\/hoyeco\/wp-json\/wp\/v2\/tags?post=9230"}],"curies":[{"name":"wp","href":"https:\/\/api.w.org\/{rel}","templated":true}]}}