{"id":9238,"date":"2024-08-08T15:30:09","date_gmt":"2024-08-08T13:30:09","guid":{"rendered":"https:\/\/www.ecoticias.com\/hoyeco\/?p=9238"},"modified":"2024-08-08T15:30:09","modified_gmt":"2024-08-08T13:30:09","slug":"levantan-aerogenerador-madera","status":"publish","type":"post","link":"https:\/\/www.ecoticias.com\/hoyeco\/levantan-aerogenerador-madera\/9238\/","title":{"rendered":"Levantan un aerogenerador de madera y nadie se esperaba el resultado: 2 MW de energ\u00eda y un curioso r\u00e9cord"},"content":{"rendered":"<p>La energ\u00eda <a href=\"https:\/\/www.ecoticias.com\/hoyeco\/turbina-eolica-purifica-aire\/7716\/\">e\u00f3lica<\/a> es una de las formas de generaci\u00f3n de electricidad renovable que es m\u00e1s limpia y barata. Sin embargo, al ser la estructura de la torre de acero, complica las cosas desde el punto de vista ambiental. Te presentamos un aerogenerador hecho enteramente de madera que ha dado resultados sorprendentes.<\/p>\n<h2>Una turbina e\u00f3lica cuya torre es de madera<\/h2>\n<p>Modvion, una compa\u00f1\u00eda sueca cuya especialidad es la investigaci\u00f3n y desarrollo de sistemas innovadores de energ\u00eda renovable, acaba de terminar en la localidad de Gotemburgo, Suecia, el aerogenerador m\u00e1s alto del mundo. Lo curioso es que la torre es de madera.<\/p>\n<p>Tal como dice su director ejecutivo, el uso de este material es el futuro, puesto que las torres se pueden construir utilizando solo us\u00e1ndolo con pegamento, lo que permite transportarlas hasta el sitio de instalaci\u00f3n de una manera m\u00e1s f\u00e1cil. Adem\u00e1s, la t\u00e9cnica para la construcci\u00f3n es m\u00e1s sostenible.<\/p>\n<h2>Un aerogenerador poco convencional pero que da resultados sorprendentes<\/h2>\n<p>Esta turbina e\u00f3lica de madera genera unos asombrosos 2 MW de potencia. Mide 492 pies, unos 150 metros, <strong>desde la base hasta la punta de la pala que se encuentre en lo alto<\/strong>. Solamente la torre tiene 345 pies, que son 107 metros. El generador se ubica en la parte superior, como otras similares de acero.<\/p>\n<p>Este generador ha comenzado a aportar energ\u00eda a la red el\u00e9ctrica sueca, la cual es suficiente para alimentar unas 400 casas. Por otra parte, el m\u00e9todo de construcci\u00f3n modular permitir\u00e1 el levantamiento de torres m\u00e1s altas, lo cual, actualmente, est\u00e1 en consonancia con lo que requiere la industria.<\/p>\n<p>En el sentido de que desea aerogeneradores que tengan una altura de punta de pala sobre los 300 metros, para as\u00ed aprovechar las velocidades de las corrientes de aire en las capas altas de la atm\u00f3sfera, ya que en ellas son muy fuertes. Esto implica una torre que tenga una altura superior a los 200 metros.<\/p>\n<p>Con la modularidad, es posible lograr torres con estas caracter\u00edsticas, adem\u00e1s de que el transporte a sitios que presenten grandes retos ser\u00e1 muy sencillo y con menos operadores. Si bien el acero ha sido el material preferido para la construcci\u00f3n de estos ingenios, tambi\u00e9n tiene muchas limitantes.<\/p>\n<p>En el caso de torres de acero de grandes alturas, el di\u00e1metro de las mismas es proporcionalmente m\u00e1s grande, lo que ha convertido su transporte en un verdadero dolor de cabeza. En cambio, las hechas de madera, a trav\u00e9s del control de las vetas de ella, logran una gran flexibilidad y resistencia.<\/p>\n<p>Cada capa tiene 3 mm de espesor, la misma es del tipo enchapada laminada. Para hacer la torre, en la f\u00e1brica se comprimen y se pegan capas finas de este material para crear las secciones curvas de manera independiente entre s\u00ed, formando los m\u00f3dulos.<\/p>\n<p>Despu\u00e9s, cada pieza se transporta al sitio de la instalaci\u00f3n y se pegan para formar un cilindro. Finalmente, son apiladas, peg\u00e1ndolas, para ir formando la torre. Es de hacer notar que, como es mucho m\u00e1s ligera que el acero, <strong>se pueden construir aerogeneradores m\u00e1s altos<\/strong>.<\/p>\n<h2>Las ventajas desde el punto de vista ambiental<\/h2>\n<p>En este sentido, su uso elimina la huella de carbono y las emisiones de CO2. De hecho, <strong>es de huella de carbono negativo<\/strong>. Esto porque los \u00e1rboles de los que proviene absorben CO2 y lo almacenan al talarlos, y el mismo no es liberado a menos que se pudra o se queme la madera.<\/p>\n<p>En resumen, el <a href=\"https:\/\/www.ecoticias.com\/hoyeco\/aerogenerador-imposible-energia\/8338\/\">aerogenerador<\/a> de madera m\u00e1s alto del mundo representa un gran paso en la tecnolog\u00eda de la energ\u00eda renovable, ya que ha dado estupendos resultados que, por cierto, nadie pronostic\u00f3. Adicionalmente, ha establecido un curioso r\u00e9cord al ser capaz de generar 2 MW por s\u00ed solo.<\/p>\n","protected":false},"excerpt":{"rendered":"<p>La energ\u00eda e\u00f3lica es una de las formas de generaci\u00f3n de electricidad renovable que es m\u00e1s limpia y barata. Sin &#8230; <\/p>\n<p class=\"read-more-container\"><a title=\"Levantan un aerogenerador de madera y nadie se esperaba el resultado: 2 MW de energ\u00eda y un curioso r\u00e9cord\" class=\"read-more button\" href=\"https:\/\/www.ecoticias.com\/hoyeco\/levantan-aerogenerador-madera\/9238\/#more-9238\" aria-label=\"Leer m\u00e1s sobre Levantan un aerogenerador de madera y nadie se esperaba el resultado: 2 MW de energ\u00eda y un curioso r\u00e9cord\">Read more<\/a><\/p>\n","protected":false},"author":6,"featured_media":9301,"comment_status":"closed","ping_status":"closed","sticky":false,"template":"","format":"standard","meta":{"footnotes":""},"categories":[5],"tags":[],"class_list":["post-9238","post","type-post","status-publish","format-standard","has-post-thumbnail","hentry","category-energia","resize-featured-image"],"_links":{"self":[{"href":"https:\/\/www.ecoticias.com\/hoyeco\/wp-json\/wp\/v2\/posts\/9238","targetHints":{"allow":["GET"]}}],"collection":[{"href":"https:\/\/www.ecoticias.com\/hoyeco\/wp-json\/wp\/v2\/posts"}],"about":[{"href":"https:\/\/www.ecoticias.com\/hoyeco\/wp-json\/wp\/v2\/types\/post"}],"author":[{"embeddable":true,"href":"https:\/\/www.ecoticias.com\/hoyeco\/wp-json\/wp\/v2\/users\/6"}],"replies":[{"embeddable":true,"href":"https:\/\/www.ecoticias.com\/hoyeco\/wp-json\/wp\/v2\/comments?post=9238"}],"version-history":[{"count":0,"href":"https:\/\/www.ecoticias.com\/hoyeco\/wp-json\/wp\/v2\/posts\/9238\/revisions"}],"wp:featuredmedia":[{"embeddable":true,"href":"https:\/\/www.ecoticias.com\/hoyeco\/wp-json\/wp\/v2\/media\/9301"}],"wp:attachment":[{"href":"https:\/\/www.ecoticias.com\/hoyeco\/wp-json\/wp\/v2\/media?parent=9238"}],"wp:term":[{"taxonomy":"category","embeddable":true,"href":"https:\/\/www.ecoticias.com\/hoyeco\/wp-json\/wp\/v2\/categories?post=9238"},{"taxonomy":"post_tag","embeddable":true,"href":"https:\/\/www.ecoticias.com\/hoyeco\/wp-json\/wp\/v2\/tags?post=9238"}],"curies":[{"name":"wp","href":"https:\/\/api.w.org\/{rel}","templated":true}]}}