{"id":9276,"date":"2024-08-05T14:30:42","date_gmt":"2024-08-05T12:30:42","guid":{"rendered":"https:\/\/www.ecoticias.com\/hoyeco\/?p=9276"},"modified":"2024-08-05T14:30:42","modified_gmt":"2024-08-05T12:30:42","slug":"espana-energia-solar-incendios","status":"publish","type":"post","link":"https:\/\/www.ecoticias.com\/hoyeco\/espana-energia-solar-incendios\/9276\/","title":{"rendered":"Espa\u00f1a se plantea desconectar toda su energ\u00eda solar en verano: peligro de incendios extremo y esta regi\u00f3n en jaque"},"content":{"rendered":"<p>Con el objeto de cumplir con los objetivos de descarbonizaci\u00f3n impuestos por la Uni\u00f3n Europea, especialmente en el sector energ\u00e9tico considerada una de las industrias m\u00e1s contaminantes del planeta por la quema de combustibles f\u00f3siles, los<a href=\"https:\/\/www.ecoticias.com\/hoyeco\/vino-solar-espana\/9113\/\"> emprendimientos sostenibles<\/a> est\u00e1n a la orden del d\u00eda poblando el planeta. Sin embargo, <strong>un parque de energ\u00eda solar fue noticia hace unos d\u00edas por un ocasional incendio<\/strong>.<\/p>\n<h2>Una localidad espa\u00f1ola vio la columna de humo y las altas llamas del incendio muy de cerca<\/h2>\n<p>Un eventual incendio tuvo lugar en C\u00e1ceres en medio de un parque de energ\u00eda solar ubicada en el \u00e1rea rural, cercano a la poblaci\u00f3n lo que provoc\u00f3 el temor en los alrededores y se activaron los planes de emergencia locales.<\/p>\n<p><strong>La planta fotovoltaica Talav\u00e1n que se encuentra instalada a unos kil\u00f3metros de la localidad de Monro<\/strong>y, ha ardido en llamas recientemente en medio de una cat\u00e1strofe que activ\u00f3 los protocolos de evacuaci\u00f3n y el equipo de emergencias de la Junta de Extremadura.<\/p>\n<p>Las llamas comenzaron a observarse desde lejos por los habitantes m\u00e1s cercanos, quienes fueron los que anoticiaron v\u00eda telef\u00f3nica el inminente incendio del jard\u00edn de energ\u00eda solar. M\u00e1s de ochenta fueron las llamadas atendidas por el 112 local anunciando el foco del incendio.<\/p>\n<p>En medio del desastre, las autoridades <strong>declararon la situaci\u00f3n operativa 1 del Plan Especial de Protecci\u00f3n Civil<\/strong> ante Incendios Forestales de la Comunidad Aut\u00f3noma de Extremadura (INFOCAEX), que se establece ante una situaci\u00f3n de riesgo para las personas, sus bienes y el medio ambiente.<\/p>\n<h2>El calor estival, la sequ\u00eda y un desperfecto el\u00e9ctrico conspiran en un peligro inflamable<\/h2>\n<p>El fuego que se propag\u00f3 hasta tres kil\u00f3metros de la localidad de Monroy en C\u00e1ceres, mantuvo a la poblaci\u00f3n pendiente de su extinci\u00f3n, lo que llevo m\u00e1s de siete horas consecutivas de trabajo intenso para apagar las llamas de la granja de energ\u00eda solar.<\/p>\n<p><strong>El operativo cont\u00f3 con la participaci\u00f3n de 95 efectivos<\/strong>, entre los que se encontraban 7 brigadas de bomberos de tierra, 4 brigadas de bomberos a\u00e9reas, 12 unidades de medios a\u00e9reos, 3 unidades de maquinaria pesada, 3 agentes del medio natural y 5 t\u00e9cnicos del Infoex.<\/p>\n<p>Adicionalmente, asistieron al incendio las Brigadas de Refuerzo en Incendios Forestales (BRIF), 2 ambulancias, 2 veh\u00edculos 4&#215;4 y un furg\u00f3n de avituallamiento de Cruz Roja, 2 patrullas de Seguridad Ciudadana y 1 de SEPRONA Guardia Civil y 7 unidades del SEPEI de C\u00e1ceres.<\/p>\n<p>Seg\u00fan algunos trascendidos indicaban que<strong> las llamas desatadas en las instalaciones de energ\u00eda solar Talav\u00e1n podr\u00edan haberse generado por un desperfecto el\u00e9ctrico<\/strong> de la estructura fotovoltaica, aunque todav\u00eda no se ha publicado una informaci\u00f3n oficial de las causas del incendio.<\/p>\n<h2>Las estructuras de energ\u00eda solar y su nivel inflamable<\/h2>\n<p>Luego de sofocado el incendio que arras\u00f3 con m\u00e1s de 870 hect\u00e1reas y se diera fin a la situaci\u00f3n de emergencia, la oscuridad de la noche alcanz\u00f3 a los \u00faltimos agentes que realizaban las \u00faltimas tareas de examinaci\u00f3n del terreno para evitar una reavivaci\u00f3n o rebrote de las llamas.<\/p>\n<p>Si bien no se tienen datos fehacientes del nivel de p\u00e9rdida provocado por las llamas, hay que decir que no hubo da\u00f1os en personas ni en bienes materiales. Por lo que <strong>una vez que el fuego se extingui\u00f3<\/strong> y que no se lamentaron da\u00f1os, subyace una nueva situaci\u00f3n para tener en cuenta.<\/p>\n<p>El peligro inflamable de los parques de energ\u00eda solar ha cobrado relevancia luego de este eventual episodio, a pesar de que existen regulaciones para que las empresas propietarias de las estructuras fotovoltaicas tomen a consideraci\u00f3n.<\/p>\n<p>Es necesario aclarar que <strong>no son comunes ni relevantes los incendios originados en plantas fotovoltaicas<\/strong> a nivel mundial, pero s\u00ed habr\u00e1 que tomar mayores recaudos teniendo en cuenta las altas temperaturas que se est\u00e1n registrando en la Pen\u00ednsula Ib\u00e9rica, sumado a la sequ\u00eda, los fuertes vientos y el granizo.<\/p>\n<p>Todas estas condiciones meteorol\u00f3gicas pueden provocar un sobrecalentamiento de las celdas solares que, conectadas a la red el\u00e9ctrica podr\u00edan aumentar su capacidad inflamable, ocasionando graves incendios. Habr\u00e1 que prestar m\u00e1s atenci\u00f3n a la seguridad ambiental de estas estructuras de energ\u00eda solar para cuidar el planeta y seguir aportando eficiencia as\u00ed como lo hace<a href=\"https:\/\/www.ecoticias.com\/hoyeco\/espana-energia-fotovoltaica-europa\/8820\/\"> esta planta fotovoltaica.<\/a><\/p>\n","protected":false},"excerpt":{"rendered":"<p>Con el objeto de cumplir con los objetivos de descarbonizaci\u00f3n impuestos por la Uni\u00f3n Europea, especialmente en el sector energ\u00e9tico &#8230; <\/p>\n<p class=\"read-more-container\"><a title=\"Espa\u00f1a se plantea desconectar toda su energ\u00eda solar en verano: peligro de incendios extremo y esta regi\u00f3n en jaque\" class=\"read-more button\" href=\"https:\/\/www.ecoticias.com\/hoyeco\/espana-energia-solar-incendios\/9276\/#more-9276\" aria-label=\"Leer m\u00e1s sobre Espa\u00f1a se plantea desconectar toda su energ\u00eda solar en verano: peligro de incendios extremo y esta regi\u00f3n en jaque\">Read more<\/a><\/p>\n","protected":false},"author":8,"featured_media":9277,"comment_status":"closed","ping_status":"closed","sticky":false,"template":"","format":"standard","meta":{"footnotes":""},"categories":[5],"tags":[],"class_list":["post-9276","post","type-post","status-publish","format-standard","has-post-thumbnail","hentry","category-energia","resize-featured-image"],"_links":{"self":[{"href":"https:\/\/www.ecoticias.com\/hoyeco\/wp-json\/wp\/v2\/posts\/9276","targetHints":{"allow":["GET"]}}],"collection":[{"href":"https:\/\/www.ecoticias.com\/hoyeco\/wp-json\/wp\/v2\/posts"}],"about":[{"href":"https:\/\/www.ecoticias.com\/hoyeco\/wp-json\/wp\/v2\/types\/post"}],"author":[{"embeddable":true,"href":"https:\/\/www.ecoticias.com\/hoyeco\/wp-json\/wp\/v2\/users\/8"}],"replies":[{"embeddable":true,"href":"https:\/\/www.ecoticias.com\/hoyeco\/wp-json\/wp\/v2\/comments?post=9276"}],"version-history":[{"count":0,"href":"https:\/\/www.ecoticias.com\/hoyeco\/wp-json\/wp\/v2\/posts\/9276\/revisions"}],"wp:featuredmedia":[{"embeddable":true,"href":"https:\/\/www.ecoticias.com\/hoyeco\/wp-json\/wp\/v2\/media\/9277"}],"wp:attachment":[{"href":"https:\/\/www.ecoticias.com\/hoyeco\/wp-json\/wp\/v2\/media?parent=9276"}],"wp:term":[{"taxonomy":"category","embeddable":true,"href":"https:\/\/www.ecoticias.com\/hoyeco\/wp-json\/wp\/v2\/categories?post=9276"},{"taxonomy":"post_tag","embeddable":true,"href":"https:\/\/www.ecoticias.com\/hoyeco\/wp-json\/wp\/v2\/tags?post=9276"}],"curies":[{"name":"wp","href":"https:\/\/api.w.org\/{rel}","templated":true}]}}