{"id":9345,"date":"2024-08-17T15:30:48","date_gmt":"2024-08-17T13:30:48","guid":{"rendered":"https:\/\/www.ecoticias.com\/hoyeco\/?p=9345"},"modified":"2024-08-17T15:30:48","modified_gmt":"2024-08-17T13:30:48","slug":"material-imposible-reciclar-espana","status":"publish","type":"post","link":"https:\/\/www.ecoticias.com\/hoyeco\/material-imposible-reciclar-espana\/9345\/","title":{"rendered":"El material casi imposible de reciclar en Espa\u00f1a: nadie sabe c\u00f3mo usarlo sin contaminar, y lo usas a diario"},"content":{"rendered":"<p>Cuando de <a href=\"https:\/\/www.ecoticias.com\/hoyeco\/reciclar-ia-nueva-fabrica\/4041\/\">reutilizar<\/a> se trata, es necesario tomar acciones espec\u00edficas para que este material tenga su destino adecuado. En realidad, existen muy pocos materiales que son imposibles de reciclar, pero lo que lo hace m\u00e1s dif\u00edcil es su inadecuada disposici\u00f3n. Aqu\u00ed veremos un ejemplo de este caso.<\/p>\n<h2>Reciclar aluminio o cuando se convierte en un elemento contaminante<\/h2>\n<p>Parece incre\u00edble, pero a\u00fan hay personas que no saben en qu\u00e9 color de contenedor se deben depositar los desechos de aluminio. En este sentido, <strong>m\u00e1s del doble de los art\u00edculos de aluminio<\/strong> son colocados en contenedores de color gris, comparado con los que se depositan correctamente en el amarillo.<\/p>\n<p>Esto no solo trae consecuencias negativas al momento de recolectar y clasificar estos elementos, sino que hace que estos desechos pasen de ser material \u00fatil y reciclable a convertirse en una carga contaminante para el ambiente. Y lo peor es que en este \u00faltimo caso, no son biodegradables en el corto plazo.<\/p>\n<h2>Depositar el aluminio en el contenedor correcto<\/h2>\n<p>Al depositar los objetos hechos de este metal en el contenedor err\u00f3neo, lo hacen imposible de reciclar. En este sentido, debes saber que al almacenarlo en el contenedor amarillo tendr\u00e1 un <strong>99 % de oportunidades de que sea reciclado<\/strong>, mientras que si lo depositas en el gris reduces estas posibilidades.<\/p>\n<p>Aproximadamente a un 40 %, es decir, a menos de la mitad. De acuerdo a las cifras aportadas por ARPAL, que es una asociaci\u00f3n sin fines de lucro que promueve el reciclado y recuperaci\u00f3n del aluminio, en el 2022 fueron recogidas 19.200 toneladas de contenedores de color amarillo que es el correcto.<\/p>\n<p>Pero durante el mismo a\u00f1o, fueron recolectadas y probablemente tratadas como desechos, un total de 39.800 provenientes de contenedores grises. \u00bfPor qu\u00e9 esta confusi\u00f3n en los colores? Pues la verdad es que no tenemos idea, ya que se escogieron estos para evitar estos errores.<\/p>\n<p>Ahora bien, Espa\u00f1a no est\u00e1 tan mal en lo que se refiere a reciclar aluminio, puesto que el metal que se recuper\u00f3 en comparaci\u00f3n con el que se fabric\u00f3, en t\u00e9rminos de porcentaje, pas\u00f3 del 57 % en el 2021 a alcanzar el 60 % un a\u00f1o despu\u00e9s significando un 3 % de incremento.<\/p>\n<p>Por lo que en el 2023 super\u00f3 el objetivo planteado por la Directiva Europea 2018 \/ 852 la cual establec\u00eda que en el 2025 deb\u00eda reciclarse el 50 % del aluminio desechado y en el 2030 este n\u00famero deber\u00eda ser el 60 %. Lo que quiere decir que Espa\u00f1a se adelant\u00f3 en la meta prevista por seis a\u00f1os.<\/p>\n<p>Lo que representa un enorme \u00e9xito. El problema es c\u00f3mo hacer que este material derivado de la bauxita, sea depositado en el contenedor correcto. Una propuesta hecha por la Asociaci\u00f3n de Periodistas de Informaci\u00f3n Ambiental, una ONG que informa sobre iniciativas ecol\u00f3gicas, es realizar una campa\u00f1a de concientizaci\u00f3n.<\/p>\n<p>Esta deber\u00eda empezar por los ni\u00f1os en las escuelas, puesto que son ellos quienes internalizan esa responsabilidad m\u00e1s r\u00e1pido. Adem\u00e1s, es en casa junto a ellos, donde es un <strong>83 % superior la probabilidad de separar los art\u00edculos de aluminio<\/strong> del resto de los desechos metalices y s\u00f3lidos.<\/p>\n<h2>El acero: otro material que es para reciclar<\/h2>\n<p>Anteriormente, sobre todo las latas, eran hechas casi enteramente de acero. Sin embargo, como a\u00fan no estaba en el tapete el tema del reciclaje no se tienen cifras al respecto, pero s\u00ed se sabe que eran muy altas. Actualmente, el aluminio <strong>ha ocupado el lugar del acero en la composici\u00f3n de las latas<\/strong>.<\/p>\n<p>En conclusi\u00f3n, el aluminio no es un material que es imposible de reciclar en Espa\u00f1a, si lo desechamos correctamente y lo colocamos en el contenedor amarillo. De esta manera no ser\u00eda <a href=\"https:\/\/www.ecoticias.com\/hoyeco\/aislante-tiras-meses-basura-frio\/2139\/\">basura<\/a> contaminante. De seguro tus hijos tienen mucho que ense\u00f1arte al respecto dentro de su inocencia..<\/p>\n","protected":false},"excerpt":{"rendered":"<p>Cuando de reutilizar se trata, es necesario tomar acciones espec\u00edficas para que este material tenga su destino adecuado. En realidad, &#8230; <\/p>\n<p class=\"read-more-container\"><a title=\"El material casi imposible de reciclar en Espa\u00f1a: nadie sabe c\u00f3mo usarlo sin contaminar, y lo usas a diario\" class=\"read-more button\" href=\"https:\/\/www.ecoticias.com\/hoyeco\/material-imposible-reciclar-espana\/9345\/#more-9345\" aria-label=\"Leer m\u00e1s sobre El material casi imposible de reciclar en Espa\u00f1a: nadie sabe c\u00f3mo usarlo sin contaminar, y lo usas a diario\">Read more<\/a><\/p>\n","protected":false},"author":6,"featured_media":9346,"comment_status":"closed","ping_status":"closed","sticky":false,"template":"","format":"standard","meta":{"footnotes":""},"categories":[4],"tags":[],"class_list":["post-9345","post","type-post","status-publish","format-standard","has-post-thumbnail","hentry","category-consumo","resize-featured-image"],"_links":{"self":[{"href":"https:\/\/www.ecoticias.com\/hoyeco\/wp-json\/wp\/v2\/posts\/9345","targetHints":{"allow":["GET"]}}],"collection":[{"href":"https:\/\/www.ecoticias.com\/hoyeco\/wp-json\/wp\/v2\/posts"}],"about":[{"href":"https:\/\/www.ecoticias.com\/hoyeco\/wp-json\/wp\/v2\/types\/post"}],"author":[{"embeddable":true,"href":"https:\/\/www.ecoticias.com\/hoyeco\/wp-json\/wp\/v2\/users\/6"}],"replies":[{"embeddable":true,"href":"https:\/\/www.ecoticias.com\/hoyeco\/wp-json\/wp\/v2\/comments?post=9345"}],"version-history":[{"count":0,"href":"https:\/\/www.ecoticias.com\/hoyeco\/wp-json\/wp\/v2\/posts\/9345\/revisions"}],"wp:featuredmedia":[{"embeddable":true,"href":"https:\/\/www.ecoticias.com\/hoyeco\/wp-json\/wp\/v2\/media\/9346"}],"wp:attachment":[{"href":"https:\/\/www.ecoticias.com\/hoyeco\/wp-json\/wp\/v2\/media?parent=9345"}],"wp:term":[{"taxonomy":"category","embeddable":true,"href":"https:\/\/www.ecoticias.com\/hoyeco\/wp-json\/wp\/v2\/categories?post=9345"},{"taxonomy":"post_tag","embeddable":true,"href":"https:\/\/www.ecoticias.com\/hoyeco\/wp-json\/wp\/v2\/tags?post=9345"}],"curies":[{"name":"wp","href":"https:\/\/api.w.org\/{rel}","templated":true}]}}