{"id":9426,"date":"2024-08-08T15:00:04","date_gmt":"2024-08-08T13:00:04","guid":{"rendered":"https:\/\/www.ecoticias.com\/hoyeco\/?p=9426"},"modified":"2024-08-08T15:00:04","modified_gmt":"2024-08-08T13:00:04","slug":"europa-agosto-menor-energia-solar","status":"publish","type":"post","link":"https:\/\/www.ecoticias.com\/hoyeco\/europa-agosto-menor-energia-solar\/9426\/","title":{"rendered":"Europa, pendiente a lo que viene del cielo en agosto: podr\u00edamos perder toda nuestra energ\u00eda solar"},"content":{"rendered":"<p><strong>Seg\u00fan las mediciones de irradiancia conocidas recientemente, Europa viene sufriendo eventos clim\u00e1ticos irregulares<\/strong> teniendo en cuenta la estaci\u00f3n del a\u00f1o en la que se encuentra, registrando desde mayo una notable disparidad en la nubosidad y la presi\u00f3n. Estas condiciones tienen una fuerte repercusi\u00f3n para el sector de las renovables dependientes de la energ\u00eda solar como <a href=\"https:\/\/www.ecoticias.com\/hoyeco\/espana-ejemplo-barrio-fotovoltaico\/8675\/\">este parque solar<\/a>, que prev\u00e9n un mes de agosto catastr\u00f3fico.<\/p>\n<h2>Agosto podr\u00eda ser el mes m\u00e1s de mayor p\u00e9rdida para la industria energ\u00e9tica renovable<\/h2>\n<p>De acuerdo a los \u00faltimos datos ofrecidos por fuentes oficiales, las condiciones clim\u00e1ticas divergentes en el viejo continente, se observan consecuencias dispares en diferentes regiones lo que ha revertido las regulares temperaturas y los valores de irradiancia promedio.<\/p>\n<p>As\u00ed lo confirma Solcast, una empresa dedicada a la previsi\u00f3n de los efectos meteorol\u00f3gicos y a las mediciones clim\u00e1ticas quien ha estudiado los niveles de irradiancia en toda Europa, y de acuerdo a sus informes, <strong>agosto podr\u00eda ser el mes de mayor p\u00e9rdida para el sector de la energ\u00eda solar de la regi\u00f3n occidental<\/strong>.<\/p>\n<p>As\u00ed es como se viene presentando una tendencia hacia la baja mes a mes desde mayo mostrando un marcado descenso de los niveles de irradiancia para Europa Occidental, un suceso anormal comparado con otros a\u00f1os durante el periodo estival.<\/p>\n<p>Sin embargo, en regiones donde regularmente se observan mayor nubosidad y menores temperaturas, como <strong>la regi\u00f3n del Norte y del Este del continente,<\/strong> se han registrado olas de calor y cielos celestes no muy frecuentes durante este periodo comparado con a\u00f1os anteriores.<\/p>\n<h2>Los efectos del cambio clim\u00e1tico han invertido el mapa del sol para Europa<\/h2>\n<p>De acuerdo a las estimaciones de los expertos que vienen observando un marcado descenso de irradiancia para la regi\u00f3n occidental por debajo de la media considerable, se puede prever que el mes de agosto no alcanzar\u00e1 a revertir esta condici\u00f3n y la energ\u00eda solar se ver\u00e1 fuertemente afectada<\/p>\n<p>No obstante, para las regiones n\u00f3rdicas y del Este de Europa se viene dando un fen\u00f3meno inverso, en el que los niveles de irradiancia superaron las cifras normales como <strong>resultado de los patrones clim\u00e1ticos persistentes y est\u00e1ticos.<\/strong><\/p>\n<p>Esta irregular situaci\u00f3n afecta en principio, a las estructuras fotovoltaicas y a la industria de la energ\u00eda solar para nuestra regi\u00f3n ya que durante esta \u00e9poca del a\u00f1o es cuando las fotoc\u00e9lulas pueden captar mayor actividad con un sol m\u00e1s directo y con mayor longitud de tiempo de exposici\u00f3n.<\/p>\n<p>Es as\u00ed como los dispositivos que convierten electricidad pueden almacenar <strong>mayor cantidad de energ\u00eda solar disponible para las estaciones con menor poder de irradiancia<\/strong> como la etapa invernal.<\/p>\n<h2>En agosto se podr\u00eda perder toda la energ\u00eda solar<\/h2>\n<p>Los valores registrados por Solcast confirman que para Europa occidental los niveles de irradiancia descendieron en un 20%, sobre todo para la regi\u00f3n de los Alpes. Debido a un sistema de bajas presiones est\u00e1ticos que atrajeron aire c\u00e1lido y h\u00famedo desde el Mediterr\u00e1neo, se observ\u00f3 mayor cantidad de tormentas.<\/p>\n<p><strong>Las fuertes precipitaciones y largos per\u00edodos de nubes bajas crearon una capa densa que disip\u00f3 la direcci\u00f3n de los rayos solares<\/strong> y redujo la posibilidad de atracci\u00f3n de la energ\u00eda solar por parte de los dispositivos fotovoltaicos.<\/p>\n<p>Por el contrario, los vientos del noroeste difuminaron las caracter\u00edsticas nubes del Norte en Gran Breta\u00f1a dando lugar a cielos abiertos y soleados elevando los niveles de irradiancia en un 15% de lo normal. Y en la regi\u00f3n Balc\u00e1nica hasta un 10%, registrado en Finlandia.<\/p>\n<p>Esta an\u00f3mala situaci\u00f3n gener\u00f3 en este pa\u00eds un incremento del 6,8% en la generaci\u00f3n solar fotovoltaica sobre cubierta, mientras que<strong> Francia y Alemania vieron caer sus previsiones en un 5,5%<\/strong>. El fuerte deseo de revertir las condiciones para el sector de la energ\u00eda solar en la regi\u00f3n occidental de Europa se enfrenta a estas duras condiciones. Esperamos que la situaci\u00f3n se revierta en favor de<a href=\"https:\/\/www.ecoticias.com\/hoyeco\/espana-energia-solar-flotante\/8709\/\"> las estructuras fotovoltaicas.<\/a><\/p>\n<p>&nbsp;<\/p>\n<p>&nbsp;<\/p>\n","protected":false},"excerpt":{"rendered":"<p>Seg\u00fan las mediciones de irradiancia conocidas recientemente, Europa viene sufriendo eventos clim\u00e1ticos irregulares teniendo en cuenta la estaci\u00f3n del a\u00f1o &#8230; <\/p>\n<p class=\"read-more-container\"><a title=\"Europa, pendiente a lo que viene del cielo en agosto: podr\u00edamos perder toda nuestra energ\u00eda solar\" class=\"read-more button\" href=\"https:\/\/www.ecoticias.com\/hoyeco\/europa-agosto-menor-energia-solar\/9426\/#more-9426\" aria-label=\"Leer m\u00e1s sobre Europa, pendiente a lo que viene del cielo en agosto: podr\u00edamos perder toda nuestra energ\u00eda solar\">Read more<\/a><\/p>\n","protected":false},"author":8,"featured_media":9480,"comment_status":"closed","ping_status":"closed","sticky":false,"template":"","format":"standard","meta":{"footnotes":""},"categories":[5],"tags":[],"class_list":["post-9426","post","type-post","status-publish","format-standard","has-post-thumbnail","hentry","category-energia","resize-featured-image"],"_links":{"self":[{"href":"https:\/\/www.ecoticias.com\/hoyeco\/wp-json\/wp\/v2\/posts\/9426","targetHints":{"allow":["GET"]}}],"collection":[{"href":"https:\/\/www.ecoticias.com\/hoyeco\/wp-json\/wp\/v2\/posts"}],"about":[{"href":"https:\/\/www.ecoticias.com\/hoyeco\/wp-json\/wp\/v2\/types\/post"}],"author":[{"embeddable":true,"href":"https:\/\/www.ecoticias.com\/hoyeco\/wp-json\/wp\/v2\/users\/8"}],"replies":[{"embeddable":true,"href":"https:\/\/www.ecoticias.com\/hoyeco\/wp-json\/wp\/v2\/comments?post=9426"}],"version-history":[{"count":0,"href":"https:\/\/www.ecoticias.com\/hoyeco\/wp-json\/wp\/v2\/posts\/9426\/revisions"}],"wp:featuredmedia":[{"embeddable":true,"href":"https:\/\/www.ecoticias.com\/hoyeco\/wp-json\/wp\/v2\/media\/9480"}],"wp:attachment":[{"href":"https:\/\/www.ecoticias.com\/hoyeco\/wp-json\/wp\/v2\/media?parent=9426"}],"wp:term":[{"taxonomy":"category","embeddable":true,"href":"https:\/\/www.ecoticias.com\/hoyeco\/wp-json\/wp\/v2\/categories?post=9426"},{"taxonomy":"post_tag","embeddable":true,"href":"https:\/\/www.ecoticias.com\/hoyeco\/wp-json\/wp\/v2\/tags?post=9426"}],"curies":[{"name":"wp","href":"https:\/\/api.w.org\/{rel}","templated":true}]}}