{"id":9553,"date":"2024-08-14T14:30:36","date_gmt":"2024-08-14T12:30:36","guid":{"rendered":"https:\/\/www.ecoticias.com\/hoyeco\/?p=9553"},"modified":"2024-08-14T14:30:36","modified_gmt":"2024-08-14T12:30:36","slug":"espana-energia-nuclear-planta-solar","status":"publish","type":"post","link":"https:\/\/www.ecoticias.com\/hoyeco\/espana-energia-nuclear-planta-solar\/9553\/","title":{"rendered":"Espa\u00f1a tiene el sustituto de la energ\u00eda nuclear, y lo probar\u00e1 en esta regi\u00f3n: el mundo est\u00e1 pendiente de la que hemos elegido"},"content":{"rendered":"<p>Espa\u00f1a apura la instalaci\u00f3n de nuevos proyectos de generaci\u00f3n de energ\u00edas renovables al tiempo que el funcionamiento de <a href=\"https:\/\/www.ecoticias.com\/hoyeco\/espana-apagon-energetico-mas-grande\/8246\/\">sus centrales el\u00e9ctricas tiene fecha de expiraci\u00f3n<\/a> mediante un apag\u00f3n escalonado. Sin embargo,<strong> una ciudad del interior conocida por su central nuclear ahora quiere obtener reconocimiento por sus nuevos emprendimientos h\u00edbridos renovables<\/strong>.<\/p>\n<h2>La localidad espa\u00f1ola que quiere ser reconocida a nivel nacional por sus proyectos de energ\u00eda h\u00edbrida<\/h2>\n<p>Una aprobaci\u00f3n oficial reciente cambia el paradigma de la energ\u00eda renovable para un municipio de Espa\u00f1a que fortalecer\u00e1 su identidad renovable a trav\u00e9s de nuevos emprendimientos sostenibles que combinan la energ\u00eda e\u00f3lica y solar a fin de estar listo para el cierre final de su central nuclear.<\/p>\n<p>La ciudad valenciana de Cofrentes, hasta aqu\u00ed conocida por la planta nuclear que lleva su nombre, ha firmado junto a las autoridades de gobierno <strong>un proyecto de instalaci\u00f3n de un parque solar h\u00edbrido que combinar\u00e1 su actividad con el plan e\u00f3lico<\/strong> que ya se encuentra en funcionamiento.<\/p>\n<p>El objetivo de la localidad perteneciente a la Comunitat Valenciana es contribuir con los objetivos regionales sostenibles con la generaci\u00f3n de nuevos emprendimientos de energ\u00eda limpia y verde, que sustituir\u00e1 la central nuclear y cubrir\u00e1 las necesidades energ\u00e9ticas de la zona.<\/p>\n<h2>Cofrentes ser\u00e1 reconocida a partir de hoy por sus proyectos de energ\u00eda solar y e\u00f3lica<\/h2>\n<p><strong>La ciudad de Espa\u00f1a ubicada a unos 100 km al suroeste de Valencia<\/strong> que se caracteriza por sus paisajes naturales, en medio de valles, r\u00edos, sorprendentes cuevas y la presencia de un volc\u00e1n, son los atractivos que invitan a muchos turistas. Pero tambi\u00e9n es conocida por su central nuclear.<\/p>\n<p>Esta famosa planta que da trabajo a muchos habitantes y que es la principal fuente de energ\u00eda el\u00e9ctrica de la regi\u00f3n libre de emisiones de carbono con un 44%, ha registrado durante el a\u00f1o pasado una producci\u00f3n de 8.264 GWh, lo que representa un 3,2% del total nacional.<\/p>\n<p>No obstante,<strong> la central nuclear se encuentra fuera de operaciones desde marzo de este a\u00f1o<\/strong> dadas las condiciones favorables que han tenido el sector e\u00f3lico y solar para abastecer el territorio y que han disminuido el coste el\u00e9ctrico sin necesidad de contar con el extra de la planta.<\/p>\n<h2>La planta h\u00edbrida de generaci\u00f3n de energ\u00eda renovable ya est\u00e1 aprobada y espera su instalaci\u00f3n<\/h2>\n<p>El proyecto denominado \u201cHibridaci\u00f3n Cofrentes\u00bb ya cuenta con la autorizaci\u00f3n de las autoridades de Espa\u00f1a para instalar una planta fotovoltaica cercana al parque e\u00f3lico con una inversi\u00f3n de 4.074.366,14 euros.<\/p>\n<p><strong>El nuevo emprendimiento solar aportar\u00e1 unos 7,6 MW y se sumar\u00e1 a los 49,79 MW<\/strong> que producen los aerogeneradores unidos por una l\u00ednea subterr\u00e1nea de 30 KV que transportar\u00e1n la energ\u00eda hasta la subestaci\u00f3n \u201cLa Se\u00f1orita\u201d<\/p>\n<p>Estrat\u00e9gicamente se seleccion\u00f3 la ubicaci\u00f3n de esta planta fotovoltaica al margen de la localidad de Cofrentes, en la Vall d\u2019Ayora, que estar\u00e1 constituida por 18.144 m\u00f3dulos bifaciales de 500 Wp, unos inversores de 3.800 kVA de potencia nominal y dos transformadores de 3.800 kVA.<\/p>\n<h2>El objetivo de la instalaci\u00f3n de esta planta h\u00edbrida es diversificar las fuentes de energ\u00eda de la regi\u00f3n<\/h2>\n<p>Las<strong> evaluaciones del territorio y la viabilidad del proyecto<\/strong> previas a la aprobaci\u00f3n final estuvieron a cargo del Instituto Geol\u00f3gico y Minero de Espa\u00f1a, la Demarcaci\u00f3n de Carreteras del Estado, la Diputaci\u00f3n Provincial de Valencia y el Ayuntamiento de Cofrentes.<\/p>\n<p>En tanto que la Direcci\u00f3n General de Obras P\u00fablicas de Espa\u00f1a present\u00f3 algunas limitaciones como la reubicaci\u00f3n del acceso y la adecuaci\u00f3n del trazado de la l\u00ednea el\u00e9ctrica que r\u00e1pidamente fueron puestas a consideraci\u00f3n por los agentes encargados para resolver los inconvenientes.<\/p>\n<p>De esta manera, la localidad de Espa\u00f1a asociada a la energ\u00eda nuclear ahora se encamina a una transici\u00f3n que <strong>diversificar\u00e1 sus fuentes de suministro energ\u00e9tico renovable<\/strong>. Aunque el proyecto ya tiene fuertes opositores ambientales por su ubicaci\u00f3n dentro de un \u00e1rea protegida agr\u00edcola, todo parece indicar que no habr\u00e1 frenos en este emprendimiento que espera ser tan exitoso como <a href=\"https:\/\/www.ecoticias.com\/hoyeco\/espana-10000-mw-energia-regiones\/8571\/\">esta empresa e\u00f3lica<\/a><\/p>\n<p>&nbsp;<\/p>\n<p>&nbsp;<\/p>\n","protected":false},"excerpt":{"rendered":"<p>Espa\u00f1a apura la instalaci\u00f3n de nuevos proyectos de generaci\u00f3n de energ\u00edas renovables al tiempo que el funcionamiento de sus centrales &#8230; <\/p>\n<p class=\"read-more-container\"><a title=\"Espa\u00f1a tiene el sustituto de la energ\u00eda nuclear, y lo probar\u00e1 en esta regi\u00f3n: el mundo est\u00e1 pendiente de la que hemos elegido\" class=\"read-more button\" href=\"https:\/\/www.ecoticias.com\/hoyeco\/espana-energia-nuclear-planta-solar\/9553\/#more-9553\" aria-label=\"Leer m\u00e1s sobre Espa\u00f1a tiene el sustituto de la energ\u00eda nuclear, y lo probar\u00e1 en esta regi\u00f3n: el mundo est\u00e1 pendiente de la que hemos elegido\">Read more<\/a><\/p>\n","protected":false},"author":8,"featured_media":9554,"comment_status":"closed","ping_status":"closed","sticky":false,"template":"","format":"standard","meta":{"footnotes":""},"categories":[5],"tags":[],"class_list":["post-9553","post","type-post","status-publish","format-standard","has-post-thumbnail","hentry","category-energia","resize-featured-image"],"_links":{"self":[{"href":"https:\/\/www.ecoticias.com\/hoyeco\/wp-json\/wp\/v2\/posts\/9553","targetHints":{"allow":["GET"]}}],"collection":[{"href":"https:\/\/www.ecoticias.com\/hoyeco\/wp-json\/wp\/v2\/posts"}],"about":[{"href":"https:\/\/www.ecoticias.com\/hoyeco\/wp-json\/wp\/v2\/types\/post"}],"author":[{"embeddable":true,"href":"https:\/\/www.ecoticias.com\/hoyeco\/wp-json\/wp\/v2\/users\/8"}],"replies":[{"embeddable":true,"href":"https:\/\/www.ecoticias.com\/hoyeco\/wp-json\/wp\/v2\/comments?post=9553"}],"version-history":[{"count":0,"href":"https:\/\/www.ecoticias.com\/hoyeco\/wp-json\/wp\/v2\/posts\/9553\/revisions"}],"wp:featuredmedia":[{"embeddable":true,"href":"https:\/\/www.ecoticias.com\/hoyeco\/wp-json\/wp\/v2\/media\/9554"}],"wp:attachment":[{"href":"https:\/\/www.ecoticias.com\/hoyeco\/wp-json\/wp\/v2\/media?parent=9553"}],"wp:term":[{"taxonomy":"category","embeddable":true,"href":"https:\/\/www.ecoticias.com\/hoyeco\/wp-json\/wp\/v2\/categories?post=9553"},{"taxonomy":"post_tag","embeddable":true,"href":"https:\/\/www.ecoticias.com\/hoyeco\/wp-json\/wp\/v2\/tags?post=9553"}],"curies":[{"name":"wp","href":"https:\/\/api.w.org\/{rel}","templated":true}]}}