{"id":9659,"date":"2024-08-17T16:30:06","date_gmt":"2024-08-17T14:30:06","guid":{"rendered":"https:\/\/www.ecoticias.com\/hoyeco\/?p=9659"},"modified":"2024-08-17T16:30:06","modified_gmt":"2024-08-17T14:30:06","slug":"conflicto-gas-natural-argelia","status":"publish","type":"post","link":"https:\/\/www.ecoticias.com\/hoyeco\/conflicto-gas-natural-argelia\/9659\/","title":{"rendered":"Espa\u00f1a estuvo a punto de entrar en guerra con este pa\u00eds: ahora le hemos expoliado su reserva de gas natural"},"content":{"rendered":"<p>Aunque se alcanzan constantemente logros cada vez m\u00e1s importantes en el \u00e1mbito de las fuentes de energ\u00eda renovables, el gas natural sigue teniendo un gran protagonismo en nuestro pool el\u00e9ctrico. Asegurar el suministro de este combustible en el corto plazo es clave para mantener la econom\u00eda en funcionamiento, por eso el gobierno ha trabajado arduamente para<strong> reestablecer las relaciones con Argelia<\/strong>.<\/p>\n<h2>El suministro de gas natural en el ojo del hurac\u00e1n: el conflicto alimentado por Marruecos<\/h2>\n<p>En 2022 se produjo un avance en los reclamos de Marruecos sobre el territorio del Sahara Occidental, solapando los reclamos de Argelia sobre la misma regi\u00f3n. Este suceso produjo tensiones entre ambos pa\u00edses que tuvieron su ra\u00edz en la propuesta marroqu\u00ed de apoyar la autonom\u00eda de la poblaci\u00f3n saharaui, lo que provocar\u00eda una importante p\u00e9rdida de territorio para el Estado argelino.<\/p>\n<p>En este contexto, es importante mencionar que <strong>Argelia es el principal proveedor de gas natural para Espa\u00f1a<\/strong>, a trav\u00e9s de la empresa Sonatrach, ocupando el 42,2% de las importaciones espa\u00f1olas de combustible de origen f\u00f3sil. Estas importaciones energ\u00e9ticas son clave para el futuro inmediato de proyectos sostenibles como<a href=\"https:\/\/www.ecoticias.com\/hoyeco\/planta-hidrogeno-grande-espana\/9249\/\"> la ambiciosa planta de hidr\u00f3geno verde<\/a> que funcionar\u00e1 en Ciudad Real.<\/p>\n<p>Sin embargo, dos d\u00e9cadas despu\u00e9s, el presidente espa\u00f1ol Pedro S\u00e1nchez tom\u00f3 la arriesgada decisi\u00f3n de apoyar la propuesta de autonom\u00eda saharaui presentada por Marruecos, en perjuicio de los intereses argelinos. La respuesta de nuestro socio comercial no se hizo esperar y tuvo como resultado <strong>el rompimiento del acuerdo internacional<\/strong>, afectando al precio sobre las importaciones de gas natural.<\/p>\n<h2>Las tensiones se calman: Espa\u00f1a consigue reestablecer las relaciones con Argelia<\/h2>\n<p>No se puede decir que Argelia tuviera pocos motivos para reaccionar negativamente ante la decisi\u00f3n de Espa\u00f1a. Las tensiones hab\u00edan ido creciendo cuando, a ra\u00edz del conflicto en Ucrania, SONATRACH impuso un considerable aumento de precio las importaciones ib\u00e9ricas de combustible.<\/p>\n<p>Poco antes del conflicto de 2022, el fondo soberano de inversi\u00f3n de Abu Dabi, Mubadala Investmen Company, se hab\u00eda aliado con el fondo de inversi\u00f3n de Espa\u00f1a CriteriaCaixa para realizar una<strong> OPA (Oferta P\u00fablica de Adquisici\u00f3n)<\/strong> para Naturgy. Esto llevar\u00eda a un cambio administrativo en la empresa espa\u00f1ola que importa el gas argelino de SONATRACH a nuestro territorio favoreciendo intereses marroqu\u00edes.<\/p>\n<p>Sin embargo, tras dif\u00edciles di\u00e1logos entre nuestro gobierno y el de Argelia, Naturgy ha anunciado que las relaciones comerciales se han reanudado pac\u00edficamente, firmando un acuerdo con precios retroactivos para los pr\u00f3ximos cinco a\u00f1os. No obstante, SONATRACH ha impuesto un aumento de precios a las nuevas importaciones.<\/p>\n<h2>Las consecuencias de una decisi\u00f3n pol\u00edtica arriesgada: \u00bfEstamos fuera de peligro?<\/h2>\n<p>Durante todas estas idas y venidas, pese a que Argelia hab\u00eda castigado duramente a las importaciones espa\u00f1olas, afectando a la econom\u00eda de muchas de nuestras empresas, el pa\u00eds mantuvo vigente el <strong>acuerdo de amistad y cooperaci\u00f3n que tiene una vigencia de 30 a\u00f1os<\/strong>. Aunque no cortaron el suministro de gas natural, el conflicto puso en grave riesgo la seguridad energ\u00e9tica para nuestro pa\u00eds.<\/p>\n<p>Tras reanudar la alianza comercial entre Naturgy y SONATRACH, los precios del gas natural han ido bajando en este \u00faltimo tiempo, aliviando la presi\u00f3n sobre la red el\u00e9ctrica espa\u00f1ola y la preocupaci\u00f3n por el conflicto en Ucrania. Sin embargo, las pr\u00f3ximas decisiones de nuestro gobierno tendr\u00e1n que ser m\u00e1s cuidadosas y meditadas si queremos evitar un rompimiento definitivo.<\/p>\n<h2>Un conflicto que refuerza la necesidad de invertir en el hidr\u00f3geno verde<\/h2>\n<p>La posibilidad de que otro conflicto geopol\u00edtico similar pueda amenazar nuestra seguridad energ\u00e9tica en el futuro es una s\u00f3lida prueba de la importancia de acelerar el avance de proyectos como <a href=\"https:\/\/www.ecoticias.com\/hoyeco\/hidrogeno-verde-espana\/9510\/\">el puente europeo del hidr\u00f3geno verde<\/a> en el que se trabaja en la actualidad. Este combustible libre de emisiones es nuestra mejor oportunidad para la descarbonizaci\u00f3n total de la econom\u00eda.<\/p>\n","protected":false},"excerpt":{"rendered":"<p>Aunque se alcanzan constantemente logros cada vez m\u00e1s importantes en el \u00e1mbito de las fuentes de energ\u00eda renovables, el gas &#8230; <\/p>\n<p class=\"read-more-container\"><a title=\"Espa\u00f1a estuvo a punto de entrar en guerra con este pa\u00eds: ahora le hemos expoliado su reserva de gas natural\" class=\"read-more button\" href=\"https:\/\/www.ecoticias.com\/hoyeco\/conflicto-gas-natural-argelia\/9659\/#more-9659\" aria-label=\"Leer m\u00e1s sobre Espa\u00f1a estuvo a punto de entrar en guerra con este pa\u00eds: ahora le hemos expoliado su reserva de gas natural\">Read more<\/a><\/p>\n","protected":false},"author":7,"featured_media":9660,"comment_status":"closed","ping_status":"closed","sticky":false,"template":"","format":"standard","meta":{"footnotes":""},"categories":[5],"tags":[],"class_list":["post-9659","post","type-post","status-publish","format-standard","has-post-thumbnail","hentry","category-energia","resize-featured-image"],"_links":{"self":[{"href":"https:\/\/www.ecoticias.com\/hoyeco\/wp-json\/wp\/v2\/posts\/9659","targetHints":{"allow":["GET"]}}],"collection":[{"href":"https:\/\/www.ecoticias.com\/hoyeco\/wp-json\/wp\/v2\/posts"}],"about":[{"href":"https:\/\/www.ecoticias.com\/hoyeco\/wp-json\/wp\/v2\/types\/post"}],"author":[{"embeddable":true,"href":"https:\/\/www.ecoticias.com\/hoyeco\/wp-json\/wp\/v2\/users\/7"}],"replies":[{"embeddable":true,"href":"https:\/\/www.ecoticias.com\/hoyeco\/wp-json\/wp\/v2\/comments?post=9659"}],"version-history":[{"count":0,"href":"https:\/\/www.ecoticias.com\/hoyeco\/wp-json\/wp\/v2\/posts\/9659\/revisions"}],"wp:featuredmedia":[{"embeddable":true,"href":"https:\/\/www.ecoticias.com\/hoyeco\/wp-json\/wp\/v2\/media\/9660"}],"wp:attachment":[{"href":"https:\/\/www.ecoticias.com\/hoyeco\/wp-json\/wp\/v2\/media?parent=9659"}],"wp:term":[{"taxonomy":"category","embeddable":true,"href":"https:\/\/www.ecoticias.com\/hoyeco\/wp-json\/wp\/v2\/categories?post=9659"},{"taxonomy":"post_tag","embeddable":true,"href":"https:\/\/www.ecoticias.com\/hoyeco\/wp-json\/wp\/v2\/tags?post=9659"}],"curies":[{"name":"wp","href":"https:\/\/api.w.org\/{rel}","templated":true}]}}