{"id":9766,"date":"2024-08-24T15:00:33","date_gmt":"2024-08-24T13:00:33","guid":{"rendered":"https:\/\/www.ecoticias.com\/hoyeco\/?p=9766"},"modified":"2024-08-24T15:00:33","modified_gmt":"2024-08-24T13:00:33","slug":"energia-mallorca-hidrogeno-verde-gas","status":"publish","type":"post","link":"https:\/\/www.ecoticias.com\/hoyeco\/energia-mallorca-hidrogeno-verde-gas\/9766\/","title":{"rendered":"Espa\u00f1a quiere reintentar el plan que acab\u00f3 en fracaso hist\u00f3rico: vertir esta energ\u00eda a toda la red nacional desde una isla"},"content":{"rendered":"<p>Todas las condiciones est\u00e1n dadas en este momento para poner en funcionamiento <strong>un colosal proyecto en Espa\u00f1a de generaci\u00f3n de hidr\u00f3geno verde y transporte de energ\u00eda por las ca\u00f1er\u00edas de red p\u00fablica<\/strong>, como ser\u00e1<a href=\"https:\/\/www.ecoticias.com\/hoyeco\/planta-hidrogeno-grande-espana\/9249\/\"> este otro ubicado en Ciudad Real<\/a>. Si bien sus comienzos no dieron los resultados esperados, ahora es momento de encender las turbinas y dar rienda suelta a la operaci\u00f3n.<\/p>\n<h2>Un proyecto de energ\u00eda renovable que hab\u00eda salido mal hoy retoma vigor para encender las m\u00e1quinas<\/h2>\n<p>El primer proyecto de hidroducto para Espa\u00f1a y uno de los m\u00e1s grandes de Europa que estaba previsto poner en funcionamiento en el a\u00f1o 2022, present\u00f3 algunos inconvenientes en el electrolizador que no pudo encenderse correctamente y ahora se encuentra en reparaci\u00f3n.<\/p>\n<p>Una vez restaurado este componente esencial para separar el hidr\u00f3geno del ox\u00edgeno del agua,<strong> el proyecto del hidroducto Power to Green Hydrogen Mallorca<\/strong>, ingresar\u00e1 en la etapa final de construcci\u00f3n y comenzar a inyectar el gas a la planta de Cas Tresorer para su distribuci\u00f3n por las redes de Mallorca.<\/p>\n<p>Las subvenciones internacionales aportadas por Clean Hydrogen Partnership, en el marco del Proyecto Green Hysland se estiman en una cifra alrededor de los 10 millones de euros durante el per\u00edodo 2021-2025.<\/p>\n<h2>Objetivos del Proyecto Power to Green Hydrogen Mallorca<\/h2>\n<p>El objetivo que pretende esta planificaci\u00f3n es que la planta de hidr\u00f3geno de Lloseta correspondiente a las compa\u00f1\u00edas de Enag\u00e1s y Acciona pueda inyectar <strong>inyectar a la red unas 574 toneladas de energ\u00eda<\/strong>, que equivale a un 2% del caudal de gas y est\u00e1 dentro del marco legal permitido.<\/p>\n<p>El hidroducto de Mallorca ha sido construido en colaboraci\u00f3n con las empresas privadas mencionadas y el aporte del Gobierno Balear, el Ministerio para la Transici\u00f3n Ecol\u00f3gica a trav\u00e9s de IDAE, Redexis y Cemex.<\/p>\n<p>M\u00e1s all\u00e1 de las m\u00e1s de 500 toneladas de energ\u00eda que la compa\u00f1\u00eda se comprometi\u00f3 a aportar, las previsiones a futuro aseguran que el proyecto Power to Green Hydrogen Mallorca<strong> promete una producci\u00f3n anual de 300 toneladas de hidr\u00f3geno verde<\/strong> mediante un sistema de electr\u00f3lisis de 2,5 MW.<\/p>\n<p>Es importante resaltar que el hidr\u00f3geno verde se produce por un sistema el\u00e9ctrico renovable basado en la generaci\u00f3n de energ\u00eda de 10.836 paneles solares ubicados cerca de la planta.<\/p>\n<h2>Transporte de energ\u00eda por la red de hidroducto de Mallorca<\/h2>\n<p>Pronto entrar\u00e1 en funcionamiento<strong> el hidroducto ubicado en Mallorca<\/strong> que transportar\u00e1 el hidr\u00f3geno verde directamente a la central termoel\u00e9ctrica de ciclo combinado de Cas Tresorer, a 30 kil\u00f3metros al sur, en la ciudad de Palma y desde all\u00ed se vertir\u00e1 a la red de gas de la isla desde Sanson-01, el gasoducto primario.<\/p>\n<p>Esta innovaci\u00f3n ser\u00e1 la primera vez que Espa\u00f1a pueda inyectar hidr\u00f3geno verde por la red de transporte de gas, lo que marcar\u00e1 un hito hist\u00f3rico en el avance hacia una econom\u00eda m\u00e1s sostenible.<\/p>\n<p>Esta fuente de energ\u00eda<strong> beneficiar\u00e1 a m\u00e1s de 115.000 hogares y 2.000 consumidores,<\/strong> terciarios e industriales que podr\u00e1n disfrutar de un recurso limpio y renovable y lograr\u00e1 un ahorro energ\u00e9tico que se ver\u00e1 reflejado en la factura<\/p>\n<p>En relaci\u00f3n a la huella de carbono, el hidroducto de 3,2 kil\u00f3metros de longitud prev\u00e9 alcanzar una reducci\u00f3n de emisiones de hasta 3.829 toneladas, lo que permitir\u00e1 avanzar en la descarbonizaci\u00f3n de la econom\u00eda con visi\u00f3n hacia las cero emisiones.<\/p>\n<p>La misi\u00f3n de este proyecto ser\u00e1 la de abastecer de energ\u00eda verde a toda la isla a trav\u00e9s de la red de gas compuesta po<strong>r m\u00e1s de 160 kil\u00f3metros de gasoductos y 1.150 kil\u00f3metros de redes de distribuci\u00f3n<\/strong>. As\u00ed es que esperamos que pronto comience a funcionar el hidroducto y servir de ejemplo a otras comunidades. Aqu\u00ed encontrar\u00e1s <a href=\"https:\/\/www.ecoticias.com\/hoyeco\/energia-hidrogeno-espana\/8477\/\">otro proyecto con hidr\u00f3geno verde<\/a>.<\/p>\n","protected":false},"excerpt":{"rendered":"<p>Todas las condiciones est\u00e1n dadas en este momento para poner en funcionamiento un colosal proyecto en Espa\u00f1a de generaci\u00f3n de &#8230; <\/p>\n<p class=\"read-more-container\"><a title=\"Espa\u00f1a quiere reintentar el plan que acab\u00f3 en fracaso hist\u00f3rico: vertir esta energ\u00eda a toda la red nacional desde una isla\" class=\"read-more button\" href=\"https:\/\/www.ecoticias.com\/hoyeco\/energia-mallorca-hidrogeno-verde-gas\/9766\/#more-9766\" aria-label=\"Leer m\u00e1s sobre Espa\u00f1a quiere reintentar el plan que acab\u00f3 en fracaso hist\u00f3rico: vertir esta energ\u00eda a toda la red nacional desde una isla\">Read more<\/a><\/p>\n","protected":false},"author":8,"featured_media":9939,"comment_status":"closed","ping_status":"closed","sticky":false,"template":"","format":"standard","meta":{"footnotes":""},"categories":[5],"tags":[],"class_list":["post-9766","post","type-post","status-publish","format-standard","has-post-thumbnail","hentry","category-energia","resize-featured-image"],"_links":{"self":[{"href":"https:\/\/www.ecoticias.com\/hoyeco\/wp-json\/wp\/v2\/posts\/9766","targetHints":{"allow":["GET"]}}],"collection":[{"href":"https:\/\/www.ecoticias.com\/hoyeco\/wp-json\/wp\/v2\/posts"}],"about":[{"href":"https:\/\/www.ecoticias.com\/hoyeco\/wp-json\/wp\/v2\/types\/post"}],"author":[{"embeddable":true,"href":"https:\/\/www.ecoticias.com\/hoyeco\/wp-json\/wp\/v2\/users\/8"}],"replies":[{"embeddable":true,"href":"https:\/\/www.ecoticias.com\/hoyeco\/wp-json\/wp\/v2\/comments?post=9766"}],"version-history":[{"count":0,"href":"https:\/\/www.ecoticias.com\/hoyeco\/wp-json\/wp\/v2\/posts\/9766\/revisions"}],"wp:featuredmedia":[{"embeddable":true,"href":"https:\/\/www.ecoticias.com\/hoyeco\/wp-json\/wp\/v2\/media\/9939"}],"wp:attachment":[{"href":"https:\/\/www.ecoticias.com\/hoyeco\/wp-json\/wp\/v2\/media?parent=9766"}],"wp:term":[{"taxonomy":"category","embeddable":true,"href":"https:\/\/www.ecoticias.com\/hoyeco\/wp-json\/wp\/v2\/categories?post=9766"},{"taxonomy":"post_tag","embeddable":true,"href":"https:\/\/www.ecoticias.com\/hoyeco\/wp-json\/wp\/v2\/tags?post=9766"}],"curies":[{"name":"wp","href":"https:\/\/api.w.org\/{rel}","templated":true}]}}