{"id":9912,"date":"2024-08-27T15:30:36","date_gmt":"2024-08-27T13:30:36","guid":{"rendered":"https:\/\/www.ecoticias.com\/hoyeco\/?p=9912"},"modified":"2024-08-27T15:30:36","modified_gmt":"2024-08-27T13:30:36","slug":"atlantico-comenzado-enfriarse","status":"publish","type":"post","link":"https:\/\/www.ecoticias.com\/hoyeco\/atlantico-comenzado-enfriarse\/9912\/","title":{"rendered":"El Atl\u00e1ntico estaba hirviendo, pero ha comenzado a enfriarse: los expertos advierten de que es alarmante"},"content":{"rendered":"<p>Es claro que los efectos del cambio clim\u00e1tico se dejan sentir en todas partes del planeta, incluyendo las grandes masas de agua donde las temperaturas cambian repentinamente. Como este caso que te traemos donde el oc\u00e9ano <a href=\"https:\/\/www.ecoticias.com\/hoyeco\/espana-oceano-atlantico\/4460\/\">Atl\u00e1ntico<\/a> estaba \u201chirviendo\u201d y ahora se est\u00e1 enfriando. Veamos sus consecuencias.<\/p>\n<h2>Las temperaturas en los oc\u00e9anos: un fen\u00f3meno complicado<\/h2>\n<p>En la actualidad, realizar pron\u00f3sticos meteorol\u00f3gicos acertados se est\u00e1 haciendo cada vez m\u00e1s dif\u00edcil debido a los cambios que ocurren en las condiciones clim\u00e1ticas a nivel mundial. Por ejemplo, aproximadamente tres meses atr\u00e1s se hab\u00eda predicho que la \u00e9poca de huracanes de este a\u00f1o ser\u00eda muy activa.<\/p>\n<p>Entre las razones de esta afirmaci\u00f3n estaba que el Atl\u00e1ntico ten\u00eda temperaturas muy elevadas. Pero ahora, en un corto periodo de aproximadamente 90 d\u00edas todo el panorama cambia. Puesto que los estudiosos del clima est\u00e1n detectando un <strong>enfriamiento paulatino de este oc\u00e9ano que es sorprendente<\/strong>.<\/p>\n<h2>Se est\u00e1 enfriando el oc\u00e9ano Atl\u00e1ntico muy r\u00e1pidamente<\/h2>\n<p>Concretamente en el oc\u00e9ano ecuatorial, el \u00faltimo trimestre, se ha observado un cambio brusco y extra\u00f1o de las temperaturas medias que va de c\u00e1lida a fr\u00eda. Y lo est\u00e1 haciendo a una gran velocidad nunca vista. Esto podr\u00eda ser el detonante para <strong>una serie de eventos clim\u00e1ticos inesperados de efecto domin\u00f3<\/strong>.<\/p>\n<p>La brusquedad con la que se est\u00e1 produciendo este enfriamiento es mayor que la registrada en 1982, ya de por s\u00ed muy alta. Los cient\u00edficos creen que esto sea una especie de \u201cNi\u00f1a Atl\u00e1ntica\u201d previa a una \u201cLa Ni\u00f1a\u201d m\u00e1s fr\u00eda que afectar\u00eda al oc\u00e9ano Pac\u00edfico.<\/p>\n<p>Es de destacar que la zona donde est\u00e1 sucediendo este fen\u00f3meno es en un corredor estrecho cerca de la costa del \u00c1frica, en la l\u00ednea del Ecuador. T\u00edpicamente, esta \u00e1rea se enfriaba en el verano porque los vientos alisios que van hacia el oeste, tienden a aumentar en esta \u00e9poca.<\/p>\n<p>As\u00ed, se produce una interacci\u00f3n de estos vientos con el agua lo que da como resultado una disminuci\u00f3n de la temperatura. La que puede resultar significativa o no dependiendo del a\u00f1o. Pero ahora las cosas son diferentes puesto que las bajas temperaturas en el Atl\u00e1ntico coinciden con una baja en los vientos alisios.<\/p>\n<p>Lo cual seg\u00fan lo que sabemos ocasionar\u00eda que el oc\u00e9ano Atl\u00e1ntico ecuatorial ser\u00eda m\u00e1s c\u00e1lido pero est\u00e1 ocurriendo exactamente lo contrario. Por esta raz\u00f3n este fen\u00f3meno merece mayor investigaci\u00f3n ya que la comunidad de investigadores clim\u00e1ticos no tiene la seguridad de porque est\u00e1 pasando esto.<\/p>\n<p>Sin embargo, despu\u00e9s de que algunos expertos han verificado los mecanismos usuales que explicar\u00edan este cambio, nada pareciera encajar. Una posible explicaci\u00f3n ser\u00eda la aparici\u00f3n de una \u201cNi\u00f1a del Atl\u00e1ntico\u201d la que se declarar\u00eda oficialmente si las aguas se mantienen <strong>0,5 \u00b0C por debajo del promedio por otro mes<\/strong>.<\/p>\n<h2>\u00bfC\u00f3mo influye este enfriamiento en el clima?<\/h2>\n<p>Este enfriamiento del oc\u00e9ano Atl\u00e1ntico afecta la humedad y temperatura en todo el mundo. Lo que lleva a una alteraci\u00f3n del clima. Por una parte hace que \u201cLa Ni\u00f1a del Pac\u00edfico\u201d tienda a incrementar las precipitaciones sobre el territorio de Brasil mientras que las disminuye en la regi\u00f3n de Sahel en \u00c1frica.<\/p>\n<p>Del mismo modo, hace m\u00e1s seco el clima en la zona oeste de los Estados Unidos y M\u00e9xico. Por otra parte, tambi\u00e9n tiene influencia en la <strong>intensidad y duraci\u00f3n de la \u00e9poca de huracanes<\/strong>. Puesto que se vincula a una mayor fuerza de elementos tropicales que provienen del este del continente africano.<\/p>\n<p>Por lo que afecta aumentando el desarrollo de huracanes y ciclones por el incremento del n\u00famero de circulaciones tropicales que vienen desde la costa africana. Esto porque en la l\u00ednea ecuatorial las aguas est\u00e1n enfri\u00e1ndose y podr\u00eda agravarse de seguir esta tendencia.<\/p>\n<p>En conclusi\u00f3n, aqu\u00ed hemos visto los efectos de la baja de la temperatura en las aguas del Atl\u00e1ntico sobre el clima. Los expertos est\u00e1n alarmados y advierten sus consecuencias. Por lo que es necesario tomar medidas preventivas sobre todo en los pa\u00edses <a href=\"https:\/\/www.ecoticias.com\/hoyeco\/turismo-ultima-oportunidad\/4181\/\">costeros<\/a>.<\/p>\n","protected":false},"excerpt":{"rendered":"<p>Es claro que los efectos del cambio clim\u00e1tico se dejan sentir en todas partes del planeta, incluyendo las grandes masas &#8230; <\/p>\n<p class=\"read-more-container\"><a title=\"El Atl\u00e1ntico estaba hirviendo, pero ha comenzado a enfriarse: los expertos advierten de que es alarmante\" class=\"read-more button\" href=\"https:\/\/www.ecoticias.com\/hoyeco\/atlantico-comenzado-enfriarse\/9912\/#more-9912\" aria-label=\"Leer m\u00e1s sobre El Atl\u00e1ntico estaba hirviendo, pero ha comenzado a enfriarse: los expertos advierten de que es alarmante\">Read more<\/a><\/p>\n","protected":false},"author":6,"featured_media":9990,"comment_status":"closed","ping_status":"closed","sticky":false,"template":"","format":"standard","meta":{"footnotes":""},"categories":[2],"tags":[],"class_list":["post-9912","post","type-post","status-publish","format-standard","has-post-thumbnail","hentry","category-actualidad","resize-featured-image"],"_links":{"self":[{"href":"https:\/\/www.ecoticias.com\/hoyeco\/wp-json\/wp\/v2\/posts\/9912","targetHints":{"allow":["GET"]}}],"collection":[{"href":"https:\/\/www.ecoticias.com\/hoyeco\/wp-json\/wp\/v2\/posts"}],"about":[{"href":"https:\/\/www.ecoticias.com\/hoyeco\/wp-json\/wp\/v2\/types\/post"}],"author":[{"embeddable":true,"href":"https:\/\/www.ecoticias.com\/hoyeco\/wp-json\/wp\/v2\/users\/6"}],"replies":[{"embeddable":true,"href":"https:\/\/www.ecoticias.com\/hoyeco\/wp-json\/wp\/v2\/comments?post=9912"}],"version-history":[{"count":0,"href":"https:\/\/www.ecoticias.com\/hoyeco\/wp-json\/wp\/v2\/posts\/9912\/revisions"}],"wp:featuredmedia":[{"embeddable":true,"href":"https:\/\/www.ecoticias.com\/hoyeco\/wp-json\/wp\/v2\/media\/9990"}],"wp:attachment":[{"href":"https:\/\/www.ecoticias.com\/hoyeco\/wp-json\/wp\/v2\/media?parent=9912"}],"wp:term":[{"taxonomy":"category","embeddable":true,"href":"https:\/\/www.ecoticias.com\/hoyeco\/wp-json\/wp\/v2\/categories?post=9912"},{"taxonomy":"post_tag","embeddable":true,"href":"https:\/\/www.ecoticias.com\/hoyeco\/wp-json\/wp\/v2\/tags?post=9912"}],"curies":[{"name":"wp","href":"https:\/\/api.w.org\/{rel}","templated":true}]}}