{"id":9946,"date":"2024-08-26T15:00:56","date_gmt":"2024-08-26T13:00:56","guid":{"rendered":"https:\/\/www.ecoticias.com\/hoyeco\/?p=9946"},"modified":"2024-08-26T15:00:56","modified_gmt":"2024-08-26T13:00:56","slug":"espana-energia-cortes-la-muela","status":"publish","type":"post","link":"https:\/\/www.ecoticias.com\/hoyeco\/espana-energia-cortes-la-muela\/9946\/","title":{"rendered":"Espa\u00f1a convierte 1000 millones de litros de agua en energ\u00eda: 350 000 viviendas de esta regi\u00f3n tendr\u00e1n electricidad gratis"},"content":{"rendered":"<p>Espa\u00f1a ocupa los primeros puestos del ranking de pa\u00edses con mayor desarrollo en energ\u00edas renovables a nivel continental, destacado por la proporci\u00f3n de las inversiones, la cantidad de proyectos en marcha y la potencia alcanzada. Si bien <a href=\"https:\/\/www.ecoticias.com\/hoyeco\/energia-solar-espana-problema\/8695\/\">el sector m\u00e1s pujante lo ocupa la energ\u00eda solar<\/a>, aqu\u00ed daremos relevancia a<strong> la planta hidroel\u00e9ctrica m\u00e1s grande de Europa, ubicada en Valencia.<\/strong><\/p>\n<h2>El complejo de energ\u00eda hidroel\u00e9ctrica m\u00e1s grande de Europa est\u00e1 en Espa\u00f1a<\/h2>\n<p>Uno de los estandartes m\u00e1s importantes del pa\u00eds en t\u00e9rminos energ\u00e9ticos sin dudas es esta central que ha sido construida a principios de los a\u00f1os \u201980 y hoy contin\u00faa generando electricidad de forma limpia y amable con el medio ambiente a gran parte de la poblaci\u00f3n.<\/p>\n<p>El<strong> Complejo hidroel\u00e9ctrico Cortes-La Muela <\/strong>ubicado en Cortes de Pall\u00e1s en la Comunidad Valenciana<strong>,<\/strong> gestionado por la compa\u00f1\u00eda energ\u00e9tica Iberdrola, es una colosal obra de ingenier\u00eda que se erige a los pies del r\u00edo J\u00facar y tiene una potencia instalada mayor a los 1800 MW.<\/p>\n<p>Construida en dos fases, la primera data del a\u00f1o 1983 cuando se instal\u00f3 la presa de Cortes de una altura de 116 mts, con una tipolog\u00eda arco-gravedad y una potencia de 290 MW y La Muela I que dispone de una turbina de 634 MW de potencia y 549 MW de bombeo en 1988.<\/p>\n<p><strong>El embalse del que se abastece de electricidad dispone de una capacidad de 116 hm3,<\/strong> es decir unos 1160 millones de litros de agua de los cuales una gran parte participa del sistema de bombeo reversible para la generaci\u00f3n el\u00e9ctrica y luego retorna a su origen sin ser consumida.<\/p>\n<h2>Cortes-La Muela es la planta hidroel\u00e9ctrica m\u00e1s grande de Europa<\/h2>\n<p>Hacia el a\u00f1o 2015 inici\u00f3 su funcionamiento La Muela II, como parte de la segunda fase del proyecto que supon\u00eda una mayor capacidad de potencia en la regi\u00f3n. Esta nueva planta aport\u00f3 880 MW en turbinaci\u00f3n y 744 MW en bombeo y convirti\u00f3 al complejo en el m\u00e1s grande de Europa.<\/p>\n<p>De esta forma, sumando <strong>su potencia instalada alcanza los 1.800 MW en turbinaci\u00f3n y 1.293 MW en bombeo.<\/strong> Las tres plantas se abastecen de un dep\u00f3sito superior que cuenta con una extensi\u00f3n mayor al mill\u00f3n de metros cuadrados de una reserva energ\u00e9tica de 24GWh.<\/p>\n<p>Estos gigavatios son capaces de abastecer de energ\u00eda el\u00e9ctrica a 6,75 millones de personas, seg\u00fan afirma la compa\u00f1\u00eda Iberdrola, para una central hidroel\u00e9ctrica tan grande que ha requerido una inversi\u00f3n de 1.200 millones de euros.<\/p>\n<h2>Propiedades de la central hidroel\u00e9ctrica Cortes-La Muela<\/h2>\n<p>La primera caracter\u00edstica notable entre estas plantas es que mientras la de Cortes se instal\u00f3 en un pozo artificial cil\u00edndrico de forma externa, La Muela I y II son soterradas, para las cuales se crearon cavernas subterr\u00e1neas que implicaron <strong>la excavaci\u00f3n de 635 000 m3 y 270 000 m3, respectivamente.<\/strong><\/p>\n<p>La conexi\u00f3n de estas dos \u00faltimas plantas con el dep\u00f3sito superior separadas por una altura de 500 metros, se realiza mediante 2 tuber\u00edas reforzadas, una de 4,80 metros de di\u00e1metro y 950 metros de largo para La Muela I y otra de 5,45 metros de di\u00e1metro y 850 metros de largo en La Muela II.<\/p>\n<p>A trav\u00e9s del sistema de bombeo, las centrales hidroel\u00e9ctricas tienen la capacidad de generar electricidad de d\u00eda y cubrir la demanda de consumo durante las horas pico. Sin embargo, cuando hay excedente o durante las horas nocturnas,<strong> el sistema utiliza la energ\u00eda para devolver el agua al dep\u00f3sito superior.<\/strong><\/p>\n<h2>Las cifras energ\u00e9ticas del Complejo Cortes-La Muela son abrumadoras<\/h2>\n<p>El sistema inteligente de bombeo reversible de la planta hidroel\u00e9ctrica convierte al dep\u00f3sito superior en una gigabater\u00eda con la capacidad de abastecer de energ\u00eda el\u00e9ctrica a m\u00e1s de 400.000 hogares, de manera limpia y ecol\u00f3gica.<\/p>\n<p>En este contexto, la central que genera energ\u00eda cin\u00e9tica, a partir de la fuerza mec\u00e1nica del agua <strong>reduce las emisiones de m\u00e1s de 2.000.000 toneladas de carbono anuales<\/strong>. Si bien existe la posibilidad de construir una central Muela III, por el momento contin\u00faa siendo la mayor del pa\u00eds y del continente, con una extensi\u00f3n mayor que esta<a href=\"https:\/\/www.ecoticias.com\/hoyeco\/espana-absorver-agua-energia-830-mw\/8262\/\"> otra central de Espa\u00f1a.<\/a><\/p>\n","protected":false},"excerpt":{"rendered":"<p>Espa\u00f1a ocupa los primeros puestos del ranking de pa\u00edses con mayor desarrollo en energ\u00edas renovables a nivel continental, destacado por &#8230; <\/p>\n<p class=\"read-more-container\"><a title=\"Espa\u00f1a convierte 1000 millones de litros de agua en energ\u00eda: 350 000 viviendas de esta regi\u00f3n tendr\u00e1n electricidad gratis\" class=\"read-more button\" href=\"https:\/\/www.ecoticias.com\/hoyeco\/espana-energia-cortes-la-muela\/9946\/#more-9946\" aria-label=\"Leer m\u00e1s sobre Espa\u00f1a convierte 1000 millones de litros de agua en energ\u00eda: 350 000 viviendas de esta regi\u00f3n tendr\u00e1n electricidad gratis\">Read more<\/a><\/p>\n","protected":false},"author":8,"featured_media":9947,"comment_status":"closed","ping_status":"closed","sticky":false,"template":"","format":"standard","meta":{"footnotes":""},"categories":[5],"tags":[],"class_list":["post-9946","post","type-post","status-publish","format-standard","has-post-thumbnail","hentry","category-energia","resize-featured-image"],"_links":{"self":[{"href":"https:\/\/www.ecoticias.com\/hoyeco\/wp-json\/wp\/v2\/posts\/9946","targetHints":{"allow":["GET"]}}],"collection":[{"href":"https:\/\/www.ecoticias.com\/hoyeco\/wp-json\/wp\/v2\/posts"}],"about":[{"href":"https:\/\/www.ecoticias.com\/hoyeco\/wp-json\/wp\/v2\/types\/post"}],"author":[{"embeddable":true,"href":"https:\/\/www.ecoticias.com\/hoyeco\/wp-json\/wp\/v2\/users\/8"}],"replies":[{"embeddable":true,"href":"https:\/\/www.ecoticias.com\/hoyeco\/wp-json\/wp\/v2\/comments?post=9946"}],"version-history":[{"count":0,"href":"https:\/\/www.ecoticias.com\/hoyeco\/wp-json\/wp\/v2\/posts\/9946\/revisions"}],"wp:featuredmedia":[{"embeddable":true,"href":"https:\/\/www.ecoticias.com\/hoyeco\/wp-json\/wp\/v2\/media\/9947"}],"wp:attachment":[{"href":"https:\/\/www.ecoticias.com\/hoyeco\/wp-json\/wp\/v2\/media?parent=9946"}],"wp:term":[{"taxonomy":"category","embeddable":true,"href":"https:\/\/www.ecoticias.com\/hoyeco\/wp-json\/wp\/v2\/categories?post=9946"},{"taxonomy":"post_tag","embeddable":true,"href":"https:\/\/www.ecoticias.com\/hoyeco\/wp-json\/wp\/v2\/tags?post=9946"}],"curies":[{"name":"wp","href":"https:\/\/api.w.org\/{rel}","templated":true}]}}