{"id":9955,"date":"2024-08-28T15:30:01","date_gmt":"2024-08-28T13:30:01","guid":{"rendered":"https:\/\/www.ecoticias.com\/hoyeco\/?p=9955"},"modified":"2024-08-28T15:30:01","modified_gmt":"2024-08-28T13:30:01","slug":"greenpeace-desmonta-bulo-espana","status":"publish","type":"post","link":"https:\/\/www.ecoticias.com\/hoyeco\/greenpeace-desmonta-bulo-espana\/9955\/","title":{"rendered":"Greenpeace desmonta el bulo que Espa\u00f1a ha lanzado al mundo: atenci\u00f3n a lo que estamos haciendo con la energ\u00eda"},"content":{"rendered":"<p>El uso de energ\u00edas <a href=\"https:\/\/www.ecoticias.com\/hoyeco\/red-electrica-espana-colapso\/8570\/\">renovables<\/a> que cubran toda la demanda es el objetivo prioritario de Espa\u00f1a donde hay comunidades aut\u00f3nomas que la generan en tal cantidad que la pueden exportar a otras regiones. Tal es el caso de la regi\u00f3n de Galicia pero Greenpeace ha desmontado este bulo creado por Espa\u00f1a.<\/p>\n<h2>El bulo de Espa\u00f1a sobre la Galicia de la electricidad renovable<\/h2>\n<p>La Comunidad Aut\u00f3noma de Galicia se distingue por su clima <strong>ideal para la producci\u00f3n de energ\u00eda solar y e\u00f3lica<\/strong> suficiente para autoabastecerse como para exportar a otras regiones. Pero <a href=\"https:\/\/es.greenpeace.org\/es\/sala-de-prensa\/comunicados\/nuevo-informe-de-greenpeace-muestra-que-la-dependencia-de-galicia-de-la-energia-fosil-la-aleja-de-conseguir-autoabastecerse-con-renovables\/\" rel=\"nofollow noopener\" target=\"_blank\">Greenpeace<\/a>, junto con el Observatorio Gallego de Acci\u00f3n, no est\u00e1n de acuerdo con esta afirmaci\u00f3n.<\/p>\n<p>Esto seg\u00fan su informe \u201cGalicia, m\u00e1s all\u00e1 de los combustibles f\u00f3siles\u201d presentado en el evento de clausura de la vig\u00e9sima octava Cumbre Mundial del Clima (CoP28). En el mismo se explica porque es un bulo de Espa\u00f1a y porque esta regi\u00f3n est\u00e1 a\u00fan muy lejos de autoabastecerse con energ\u00eda que provenga de fuentes renovables.<\/p>\n<h2>Lo que dice el informe \u201cGalicia, m\u00e1s all\u00e1 de los combustibles f\u00f3siles\u201d<\/h2>\n<p>El mismo comienza detallando que <strong>solo el 25,8 % de la energ\u00eda que se usa en Galicia se origina de fuentes renovables<\/strong>, por lo que el supuesto excedente de energ\u00eda, no existe. Al contrario, si hay un aumento bastante importante en la utilizaci\u00f3n del combustible f\u00f3sil que es importado de otras regiones.<\/p>\n<p>Siendo la mayor\u00eda del sur global. En n\u00fameros, sigue el informe, de ellas proceden las tres cuartas partes de la materia prima que se usa en Galicia en forma de combustible y electricidad. Cuando se trata el tema de las exportaciones de energ\u00eda se hace hincapi\u00e9 en la electricidad de fuentes sostenibles.<\/p>\n<p>Como el sol o el viento, lo que se hace con el objetivo de justificar que no es necesaria la construcci\u00f3n de parques solares, parques e\u00f3licos y otras instalaciones para la energ\u00eda renovable. Sin embargo, dicen que esto es completamente falso puesto que la zona s\u00ed exporta energ\u00eda procesada.<\/p>\n<p>Pero la mayor\u00eda de esta procede de fuentes f\u00f3siles. Y no solo lo afirman porque buena parte de la electricidad que llevan a otras regiones es producida a partir de carb\u00f3n y de gas, sino porque tambi\u00e9n hay exportaci\u00f3n de productos hechos a partir de gas y petr\u00f3leo.<\/p>\n<p>Siendo por ellos que la regi\u00f3n gallega es exportadora de energ\u00eda y no por las fuentes renovables. Los autores del documento, explican que el mayor porcentaje de todo el consumo energ\u00e9tico de la zona, se debe en un 60 % a la utilizaci\u00f3n de combustibles de origen f\u00f3sil.<\/p>\n<p>Pero es la electricidad verde la que tiene toda la atenci\u00f3n medi\u00e1tica cuyo consumo solo representa entre el 24 y el 27 % de acuerdo a estad\u00edsticas desde el a\u00f1o 2009 hasta el presente. Como se puede observar, dice el informe, esta situaci\u00f3n aleja a la regi\u00f3n gallega de la meta que se ha planteado Espa\u00f1a.<\/p>\n<p>Que consiste en usar combustibles renovables en un 100 % al igual que la energ\u00eda que exporta. Pero tomando las medidas adecuadas, <strong>Greenpeace considera que es un objetivo se puede lograr para el 2040<\/strong>. Para esto consideran que, paralelo a la producci\u00f3n, se debe incrementar la eficiencia energ\u00e9tica.<\/p>\n<h2>Pero tambi\u00e9n en el informe hay noticias buenas<\/h2>\n<p>El consumo final de renovables que incluye la energ\u00eda el\u00e9ctrica y otras formas, se ubica en el 43, 5 %. Este n\u00famero cumple la meta de 42,5 % que provisionalmente se acord\u00f3 en la UE para el 2030, adem\u00e1s de ser <strong>casi el doble de la media en Espa\u00f1a<\/strong> que actualmente se encuentra en 20,7 % y la europea que est\u00e1 en 21,8 %.<\/p>\n<p>En conclusi\u00f3n, Greenpeace a trav\u00e9s de su informe desmonta el bulo que Espa\u00f1a ha difundido en el mundo respecto al alto porcentaje de uso de energ\u00eda limpia y sostenible que se usa en <a href=\"https:\/\/www.ecoticias.com\/hoyeco\/region-espana-mas-energia-renovable\/9614\/\">Galicia<\/a>. Pero tambi\u00e9n pone claro que casi duplica las metas de Espa\u00f1a y Europa, en este sentido.<\/p>\n<p>&nbsp;<\/p>\n","protected":false},"excerpt":{"rendered":"<p>El uso de energ\u00edas renovables que cubran toda la demanda es el objetivo prioritario de Espa\u00f1a donde hay comunidades aut\u00f3nomas &#8230; <\/p>\n<p class=\"read-more-container\"><a title=\"Greenpeace desmonta el bulo que Espa\u00f1a ha lanzado al mundo: atenci\u00f3n a lo que estamos haciendo con la energ\u00eda\" class=\"read-more button\" href=\"https:\/\/www.ecoticias.com\/hoyeco\/greenpeace-desmonta-bulo-espana\/9955\/#more-9955\" aria-label=\"Leer m\u00e1s sobre Greenpeace desmonta el bulo que Espa\u00f1a ha lanzado al mundo: atenci\u00f3n a lo que estamos haciendo con la energ\u00eda\">Read more<\/a><\/p>\n","protected":false},"author":6,"featured_media":9956,"comment_status":"closed","ping_status":"closed","sticky":false,"template":"","format":"standard","meta":{"footnotes":""},"categories":[5],"tags":[],"class_list":["post-9955","post","type-post","status-publish","format-standard","has-post-thumbnail","hentry","category-energia","resize-featured-image"],"_links":{"self":[{"href":"https:\/\/www.ecoticias.com\/hoyeco\/wp-json\/wp\/v2\/posts\/9955","targetHints":{"allow":["GET"]}}],"collection":[{"href":"https:\/\/www.ecoticias.com\/hoyeco\/wp-json\/wp\/v2\/posts"}],"about":[{"href":"https:\/\/www.ecoticias.com\/hoyeco\/wp-json\/wp\/v2\/types\/post"}],"author":[{"embeddable":true,"href":"https:\/\/www.ecoticias.com\/hoyeco\/wp-json\/wp\/v2\/users\/6"}],"replies":[{"embeddable":true,"href":"https:\/\/www.ecoticias.com\/hoyeco\/wp-json\/wp\/v2\/comments?post=9955"}],"version-history":[{"count":0,"href":"https:\/\/www.ecoticias.com\/hoyeco\/wp-json\/wp\/v2\/posts\/9955\/revisions"}],"wp:featuredmedia":[{"embeddable":true,"href":"https:\/\/www.ecoticias.com\/hoyeco\/wp-json\/wp\/v2\/media\/9956"}],"wp:attachment":[{"href":"https:\/\/www.ecoticias.com\/hoyeco\/wp-json\/wp\/v2\/media?parent=9955"}],"wp:term":[{"taxonomy":"category","embeddable":true,"href":"https:\/\/www.ecoticias.com\/hoyeco\/wp-json\/wp\/v2\/categories?post=9955"},{"taxonomy":"post_tag","embeddable":true,"href":"https:\/\/www.ecoticias.com\/hoyeco\/wp-json\/wp\/v2\/tags?post=9955"}],"curies":[{"name":"wp","href":"https:\/\/api.w.org\/{rel}","templated":true}]}}